{"id":10001736,"date":"2019-04-10T10:46:06","date_gmt":"2019-04-10T09:46:06","guid":{"rendered":"https:\/\/demet.nl\/?p=10001736"},"modified":"2019-04-10T21:43:52","modified_gmt":"2019-04-10T20:43:52","slug":"turkse-minister-cavusoglu-komt-naar-nederland","status":"publish","type":"post","link":"https:\/\/demet.nl\/?p=10001736","title":{"rendered":"Voor het eerst na &#8216;Turkijerel&#8217;: Turkse minister gearriveerd in Nederland"},"content":{"rendered":"<p>UPDATE: De Turkse minister Cavusoglu is gearriveerd in Nederland.<\/p>\n<p>Voor het eerst sinds de hoog oplopende diplomatieke spanningen tussen Nederland en Turkije in maart 2017, komt de Turkse minister van Buitenlandse Zaken naar Nederland. De minister is zojuist gearriveerd in Nederland. \u00c7avu\u015fo\u011flu gaat donderdag in Amsterdam de Wittenburg Conferentie bijwonen, het jaarlijkse ministeri\u00eble overleg tussen Nederland en Turkije. Tekst gaat door onder de foto.<\/p>\n<p><center><br \/>\n<iframe loading=\"lazy\" style=\"border: none; overflow: hidden;\" src=\"https:\/\/www.facebook.com\/plugins\/post.php?href=https%3A%2F%2Fwww.facebook.com%2FDisisleri%2Fposts%2F2187925444586904&amp;width=500\" width=\"500\" height=\"749\" frameborder=\"0\" scrolling=\"no\"><\/iframe><\/center><br \/>\nTwee jaar geleden raakte de relatie tussen Nederland en Turkije in een diepe crisis toen Nederland een aantal Turkse bewindslieden weigerde hier campagne te laten voeren. Vorig jaar juli werden de betrekkingen weer hersteld. Een paar maanden later was Blok in de Turkse hoofdstad Ankara om de banden aan te halen. Het bezoek van \u00c7avu\u015fo\u011flu is hier een vervolg op.<\/p>\n<p>Kijk hier naar een interview van maart 2017 met minister Cavusoglu over de &#8216;Turkijerel&#8217;.<\/p>\n<div id=\"kgvid_kgvid_0_wrapper\" class=\"kgvid_wrapper kgvid_wrapper_auto_left kgvid_wrapper_auto_right\">\n\t\t\t<div id=\"video_kgvid_0_div\" class=\"fitvidsignore kgvid_videodiv\" data-id=\"kgvid_0\" data-kgvid_video_vars=\"{&quot;id&quot;:&quot;kgvid_0&quot;,&quot;attachment_id&quot;:0,&quot;player_type&quot;:&quot;Video.js v8&quot;,&quot;width&quot;:&quot;640&quot;,&quot;height&quot;:&quot;360&quot;,&quot;fullwidth&quot;:&quot;true&quot;,&quot;fixed_aspect&quot;:&quot;vertical&quot;,&quot;countable&quot;:false,&quot;count_views&quot;:&quot;start_complete&quot;,&quot;start&quot;:&quot;&quot;,&quot;autoplay&quot;:&quot;false&quot;,&quot;pauseothervideos&quot;:&quot;true&quot;,&quot;set_volume&quot;:&quot;1&quot;,&quot;muted&quot;:&quot;false&quot;,&quot;meta&quot;:false,&quot;endofvideooverlay&quot;:&quot;https:\\\/\\\/demet.nl\\\/wordpress\\\/wp-content\\\/uploads\\\/2019\\\/02\\\/thumb1.jpg&quot;,&quot;resize&quot;:&quot;true&quot;,&quot;auto_res&quot;:&quot;automatic&quot;,&quot;pixel_ratio&quot;:&quot;true&quot;,&quot;right_click&quot;:false,&quot;playback_rate&quot;:&quot;false&quot;,&quot;title&quot;:&quot;cavusoglu_lang.mp4&quot;,&quot;skip_buttons&quot;:[],&quot;nativecontrolsfortouch&quot;:&quot;false&quot;,&quot;locale&quot;:&quot;nl&quot;,&quot;enable_resolutions_plugin&quot;:false}\" itemprop=\"video\" itemscope itemtype=\"https:\/\/schema.org\/VideoObject\"><meta itemprop=\"thumbnailUrl\" content=\"https:\/\/demet.nl\/wordpress\/wp-content\/uploads\/2019\/02\/thumb1.jpg\"><meta itemprop=\"embedUrl\" content=\"http:\/\/video.demettv.nl\/videos\/2017\/new\/cavusoglu_lang.mp4\"><meta itemprop=\"contentUrl\" content=\"http:\/\/video.demettv.nl\/videos\/2017\/new\/cavusoglu_lang.mp4\"><meta itemprop=\"name\" content=\"cavusoglu_lang.mp4\"><meta itemprop=\"description\" content=\"Video\"><meta itemprop=\"uploadDate\" content=\"2019-04-10T10:46:06+01:00\">\n\t\t\t\t<video id=\"video_kgvid_0\" playsinline controls preload=\"metadata\" poster=\"https:\/\/demet.nl\/wordpress\/wp-content\/uploads\/2019\/02\/thumb1.jpg\" width=\"640\" height=\"360\" class=\"fitvidsignore video-js kg-video-js-skin\">\n\t\t\t\t\t<source src=\"http:\/\/video.demettv.nl\/videos\/2017\/new\/cavusoglu_lang.mp4?id=0\" type=\"video\/mp4\" data-res=\"Full\">\n\t\t\t\t<\/video>\n\t\t\t<\/div>\n\t\t<\/div>\n","protected":false},"excerpt":{"rendered":"<p>UPDATE: De Turkse minister Cavusoglu is gearriveerd in Nederland. Voor het eerst sinds de hoog oplopende diplomatieke spanningen tussen Nederland en Turkije in maart 2017, komt de Turkse minister van Buitenlandse Zaken naar Nederland. De minister is zojuist gearriveerd in Nederland. \u00c7avu\u015fo\u011flu gaat donderdag in Amsterdam de Wittenburg Conferentie bijwonen, het jaarlijkse ministeri\u00eble overleg tussen [&hellip;]<\/p>\n","protected":false},"author":1,"featured_media":10001751,"comment_status":"closed","ping_status":"closed","sticky":false,"template":"","format":"standard","meta":{"fifu_image_url":"","fifu_image_alt":"","footnotes":""},"categories":[2],"tags":[],"class_list":["post-10001736","post","type-post","status-publish","format-standard","has-post-thumbnail","hentry","category-nieuws-artikelen"],"aioseo_notices":[],"_links":{"self":[{"href":"https:\/\/demet.nl\/index.php?rest_route=\/wp\/v2\/posts\/10001736","targetHints":{"allow":["GET"]}}],"collection":[{"href":"https:\/\/demet.nl\/index.php?rest_route=\/wp\/v2\/posts"}],"about":[{"href":"https:\/\/demet.nl\/index.php?rest_route=\/wp\/v2\/types\/post"}],"author":[{"embeddable":true,"href":"https:\/\/demet.nl\/index.php?rest_route=\/wp\/v2\/users\/1"}],"replies":[{"embeddable":true,"href":"https:\/\/demet.nl\/index.php?rest_route=%2Fwp%2Fv2%2Fcomments&post=10001736"}],"version-history":[{"count":9,"href":"https:\/\/demet.nl\/index.php?rest_route=\/wp\/v2\/posts\/10001736\/revisions"}],"predecessor-version":[{"id":10001755,"href":"https:\/\/demet.nl\/index.php?rest_route=\/wp\/v2\/posts\/10001736\/revisions\/10001755"}],"wp:featuredmedia":[{"embeddable":true,"href":"https:\/\/demet.nl\/index.php?rest_route=\/wp\/v2\/media\/10001751"}],"wp:attachment":[{"href":"https:\/\/demet.nl\/index.php?rest_route=%2Fwp%2Fv2%2Fmedia&parent=10001736"}],"wp:term":[{"taxonomy":"category","embeddable":true,"href":"https:\/\/demet.nl\/index.php?rest_route=%2Fwp%2Fv2%2Fcategories&post=10001736"},{"taxonomy":"post_tag","embeddable":true,"href":"https:\/\/demet.nl\/index.php?rest_route=%2Fwp%2Fv2%2Ftags&post=10001736"}],"curies":[{"name":"wp","href":"https:\/\/api.w.org\/{rel}","templated":true}]}}