{"id":1058,"date":"2013-01-21T17:41:28","date_gmt":"2013-01-21T17:41:28","guid":{"rendered":""},"modified":"2013-01-21T17:41:28","modified_gmt":"2013-01-21T17:41:28","slug":"","status":"publish","type":"post","link":"https:\/\/demet.nl\/?p=1058","title":{"rendered":"Amsterdam T\u00fckem \u00dclk\u00fc Oca\u011f\u0131 12. ola\u011fan kongresini ger\u00e7ekle\u015ftirdi"},"content":{"rendered":"<p><b><span style='color: black; font-family: \"Calibri\",\"sans-serif\"; font-size: 11pt;'><?xml:namespace prefix = o ns = \"urn:schemas-microsoft-com:office:office\" \/><o:p><span style='color: black; font-family: \"Calibri\",\"sans-serif\"; font-size: 11pt;'><o:p><a href=\"http:\/\/demetnu.nl\/uploads\/articles\/daf68e08.jpg\" rel=\"prettyPhoto[phpmelody]\"><img loading=\"lazy\" decoding=\"async\" style=\"width: 352px; height: 234px;\" border=\"0\" hspace=\"-1\" alt=\"\" vspace=\"0\" src=\"http:\/\/demetnu.nl\/uploads\/articles\/daf68e08.jpg\" width=\"500\" height=\"310\"><\/a><\/o:p><\/span><\/o:p><\/span><\/b><\/p>\n<p align=\"center\"><b><span style='color: black; font-family: \"Calibri\",\"sans-serif\"; font-size: 11pt;'><o:p><span style='color: black; font-family: \"Calibri\",\"sans-serif\"; font-size: 11pt;'><o:p><a href=\"http:\/\/demetnu.nl\/uploads\/articles\/e553e25a.jpg\" rel=\"prettyPhoto[phpmelody]\"><\/a><\/o:p><\/span><\/o:p><\/span><\/b>&nbsp;<b><span style='color: black; font-family: \"Calibri\",\"sans-serif\"; font-size: 11pt;'><o:p><span style='color: black; font-family: \"Calibri\",\"sans-serif\"; font-size: 11pt;'><o:p>(originele persbericht &#8211; Turks) <\/o:p><\/span><\/o:p><\/span><\/b><\/p>\n<p><span style='color: black; font-family: \"Calibri\",\"sans-serif\"; font-size: 11pt; mso-bidi-font-weight: bold;'>Hollanda T\u00fcrk Federasyon\u2019a ba\u011fl\u0131 <\/span><span style='color: black; font-family: \"Calibri\",\"sans-serif\"; font-size: 11pt; mso-ansi-language: TR;' lang=\"TR\">faaliyetlerini s\u00fcrd\u00fcren <\/span><span style='color: black; font-family: \"Calibri\",\"sans-serif\"; font-size: 11pt;'>Amsterdam T\u00fckem \u00dclk\u00fc<br \/>\nOca\u011f\u0131 &#8211; <\/span><strong><span style='color: black; font-family: \"Calibri\",\"sans-serif\"; font-size: 11pt; font-weight: normal; mso-bidi-font-weight: bold; mso-bidi-font-family: Arial;'>ULU Camii te\u015fkilat\u0131<span style=\"mso-spacerun: yes;\">&nbsp; <\/span>12. ola\u011fan<\/span><\/strong><strong><span style='color: black; font-family: \"Calibri\",\"sans-serif\"; font-size: 11pt; mso-bidi-font-family: Arial;'> <\/span><\/strong><span style='color: black; font-family: \"Calibri\",\"sans-serif\"; font-size: 11pt; mso-ansi-language: TR;' lang=\"TR\">kongresini<br \/>\nHilal Vakf\u0131 konferans salonunda ger\u00e7ekle\u015ftirdi.<o:p><\/o:p><\/span><\/p>\n<p><span style='color: black; font-family: \"Calibri\",\"sans-serif\"; font-size: 11pt; mso-ansi-language: TR;' lang=\"TR\">Kongre\u2019ye <\/span><strong><span style='color: black; font-family: \"Calibri\",\"sans-serif\"; font-size: 11pt; font-weight: normal; mso-bidi-font-weight: bold;'>Hollanda T\u00fcrk Federasyon genel<br \/>\nba\u015fkan\u0131 Murat Gedik<\/span><\/strong><span>, Hollanda<br \/>\nT\u00fcrk Federasyon icra <span style=\"mso-spacerun: yes;\">&nbsp;<\/span>ve genel idare<br \/>\nkurulu \u00fcyeleri, Amsterdam Mescid-i Aksa te\u015fkilat ba\u015fkan\u0131 Necmi \u00c7elik, Beverwijk<\/span><span class=\"st\"><span style='color: black; font-family: \"Calibri\",\"sans-serif\"; font-size: 11pt; mso-bidi-font-family: Arial;'> T\u00fcrk K\u00fclt\u00fcr Oca\u011f\u0131 ba\u015fkan\u0131 Naz\u0131m \u00d6zt\u00fcrk,<\/span><\/span><span style='color: black; font-family: \"Calibri\",\"sans-serif\"; font-size: 11pt; mso-ansi-language: TR;'> <span lang=\"TR\">Den Haag T\u00fcrk \u0130slam K\u00fclt\u00fcr Vakf\u0131 ba\u015fkan\u0131<br \/>\nTahsin \u00c7etinkaya ve Rotterdam Mimar Sinan K\u00fclt\u00fcr Vakf\u0131 ba\u015fkan\u0131 Mustafa Uca<br \/>\nkat\u0131ld\u0131lar.<o:p><\/o:p><\/span><\/span><\/p>\n<p><span style='color: black; font-family: \"Calibri\",\"sans-serif\"; font-size: 11pt; mso-ansi-language: TR;' lang=\"TR\">Kongre Kur&#8217;an-\u0131 Kerim tilaveti ve topluca<br \/>\nokunan \u0130stiklal Mar\u015f\u0131 ile ba\u015flad\u0131.<o:p><\/o:p><\/span><\/p>\n<p><span style='color: black; font-family: \"Calibri\",\"sans-serif\"; font-size: 11pt; mso-ansi-language: TR;' lang=\"TR\">Kongre y\u00f6netimi i\u00e7in teklif edilen Divan<br \/>\nheyetine <\/span><span style='color: black; font-family: \"Calibri\",\"sans-serif\"; font-size: 11pt; mso-bidi-font-weight: bold;'>Hollanda T\u00fcrk Federasyon genel muhasibi<br \/>\nSadettin \u015eim\u015fek<\/span><span>, Mescid-i Aksa te\u015fkilat ba\u015fkan\u0131 Necmi \u00c7elik<br \/>\nve Beverwijk<\/span><span class=\"st\"><b style=\"mso-bidi-font-weight: normal;\"><span style='color: black; font-family: \"Calibri\",\"sans-serif\"; font-size: 11pt; mso-bidi-font-family: Arial;'> <\/span><\/b><\/span><span class=\"st\"><span style='color: black; font-family: \"Calibri\",\"sans-serif\"; font-size: 11pt; mso-bidi-font-family: Arial;'>T\u00fcrk K\u00fclt\u00fcr Oca\u011f\u0131 ba\u015fkan\u0131 Naz\u0131m \u00d6zt\u00fcrk<\/span><\/span><span style='color: black; font-family: \"Calibri\",\"sans-serif\"; font-size: 11pt; mso-ansi-language: TR;' lang=\"TR\"> oy birli\u011fi ile kabul edildiler.<\/p>\n<hr>\n<p><\/span><span style='color: black; font-family: \"Calibri\",\"sans-serif\"; font-size: 11pt; mso-ansi-language: TR;' lang=\"TR\"><span style='color: black; font-family: \"Calibri\",\"sans-serif\"; font-size: 11pt;'><o:p><span style='color: black; font-family: \"Calibri\",\"sans-serif\"; font-size: 11pt;'><o:p><a href=\"http:\/\/demetnu.nl\/uploads\/articles\/e553e25a.jpg\" rel=\"prettyPhoto[phpmelody]\"><img loading=\"lazy\" decoding=\"async\" style=\"width: 351px; height: 230px;\" border=\"0\" hspace=\"-1\" alt=\"\" vspace=\"0\" src=\"http:\/\/demetnu.nl\/uploads\/articles\/e553e25a.jpg\" width=\"500\" height=\"310\"><\/a><\/o:p><a href=\"http:\/\/demetnu.nl\/uploads\/articles\/e553e25a.jpg\" rel=\"prettyPhoto[phpmelody]\"><\/a><\/span><\/o:p><a href=\"http:\/\/demetnu.nl\/uploads\/articles\/e553e25a.jpg\" rel=\"prettyPhoto[phpmelody]\"><\/a><\/span><\/span><\/p>\n<p><b><a href=\"http:\/\/demetnu.nl\/uploads\/articles\/e553e25a.jpg\" rel=\"prettyPhoto[phpmelody]\"><\/p>\n<div align=\"left\"> <\/div>\n<p><\/a><\/b><\/p>\n<p><span style='color: black; font-family: \"Calibri\",\"sans-serif\"; font-size: 11pt; mso-ansi-language: TR;' lang=\"TR\">Divan Ba\u015fkan\u0131, kendilerine g\u00f6sterilen<br \/>\ntevecc\u00fche te\u015fekk\u00fcr ederek a\u00e7\u0131l\u0131\u015f konu\u015fmas\u0131n\u0131 yapmak \u00fczere <\/span><span style='color: black; font-family: \"Calibri\",\"sans-serif\"; font-size: 11pt;'>T\u00fckem<br \/>\n\u00dclk\u00fc Oca\u011f\u0131<\/span><span style='color: black; font-family: \"Calibri\",\"sans-serif\"; font-size: 11pt; mso-ansi-language: TR;' lang=\"TR\"> ba\u015fkan\u0131 Say\u0131n Erim U\u011furlu&#8217;yu k\u00fcrs\u00fcye davet<br \/>\netti.<o:p><\/o:p><\/span><\/p>\n<p><span style='color: black; font-family: \"Calibri\",\"sans-serif\"; font-size: 11pt; mso-ansi-language: TR;' lang=\"TR\">Erim U\u011furlu a\u00e7\u0131l\u0131\u015f konu\u015fmas\u0131nda, faaliyet<br \/>\nd\u00f6neminde deste\u011fini esirgemeyen \u00fclk\u00fcda\u015flar\u0131na, Kad\u0131n Kollar\u0131na ve dernek mensuplar\u0131na<br \/>\n\u015f\u00fckranlar\u0131n\u0131 belirtti. Bundan sonra da olu\u015facak yeni y\u00f6netime ayn\u0131 deste\u011fin<br \/>\ndevam etmesinin bir zaruriyet oldu\u011funu dile getirdi.<o:p><\/o:p><\/span><\/p>\n<p><span style='color: black; font-family: \"Calibri\",\"sans-serif\"; font-size: 11pt; mso-ansi-language: TR;' lang=\"TR\">Daha sonra Faaliyet, Muhasebe ve Denetleme<br \/>\nkurulu raporlar\u0131 okundu. Okunan raporlar\u0131n ibraz\u0131 sonras\u0131 se\u00e7imlere ge\u00e7ildi.<o:p><\/o:p><\/span><\/p>\n<p><span style='color: black; font-family: \"Calibri\",\"sans-serif\"; font-size: 11pt; mso-ansi-language: TR;' lang=\"TR\">Yap\u0131lan se\u00e7imler sonras\u0131 Yusuf Yorulmaz te\u015fkilat<br \/>\nba\u015fkanl\u0131\u011f\u0131na teklif edilerek oy birli\u011fi ile kabul edildi. <\/span><span style='color: black; font-family: \"Calibri\",\"sans-serif\"; font-size: 11pt;'>T\u00fckem<br \/>\n\u00dclk\u00fc Oca\u011f\u0131 &#8211; <\/span><strong><span style='color: black; font-family: \"Calibri\",\"sans-serif\"; font-size: 11pt; font-weight: normal; mso-bidi-font-weight: bold; mso-bidi-font-family: Arial;'>ULU Camii te\u015fkilat\u0131<\/span><\/strong><span style='color: black; font-family: \"Calibri\",\"sans-serif\"; font-size: 11pt; mso-ansi-language: TR;' lang=\"TR\"> ba\u015fkanl\u0131\u011f\u0131na<br \/>\nse\u00e7ilen Yusuf Yorulmaz kendisine g\u00f6sterilen g\u00fcvenden ve destekten dolay\u0131<br \/>\nte\u015fekk\u00fcr ederek gelecek d\u00f6nem i\u00e7in Birlik ve Beraberlik i\u00e7inde yo\u011fun faaliyetlerde<br \/>\nbulunacaklar\u0131n\u0131 s\u00f6yledi. <o:p><\/o:p><\/span><\/p>\n<p><span style='color: black; font-family: \"Calibri\",\"sans-serif\"; font-size: 11pt; mso-ansi-language: TR;' lang=\"TR\">Kongre sonunda Hollanda T\u00fcrk Federasyon genel<br \/>\nba\u015fkan\u0131 <\/span><strong><span style='color: black; font-family: \"Calibri\",\"sans-serif\"; font-size: 11pt; font-weight: normal; mso-bidi-font-weight: bold;'>Murat Gedik<\/span><\/strong><span style='color: black; font-family: \"Calibri\",\"sans-serif\"; font-size: 11pt; mso-ansi-language: TR;' lang=\"TR\"> bir konu\u015fma yapt\u0131. Gedik: \u201cSay\u0131n Yusuf Yorulmaz bey ve<br \/>\nekibine ba\u015far\u0131lar diliyor ve \u015fu ana kadar eme\u011fini esirgemeyen eski y\u00f6netici<br \/>\narkada\u015flar\u0131ma te\u015fekk\u00fcrlerimi sunuyorum. \u00d6zellikle uzun d\u00f6nemdir te\u015fkilat<br \/>\nba\u015fkanl\u0131\u011f\u0131n\u0131 y\u00fcr\u00fctm\u00fc\u015f olan Erim U\u011furlu beye ayr\u0131ca te\u015fekk\u00fcrlerimi sunar,<br \/>\nHollanda T\u00fcrk Federasyon 9. Ola\u011fan kongresi sonras\u0131 kabullenmi\u015f oldu\u011fu genel<br \/>\nsekreterlik g\u00f6revinde ba\u015far\u0131lar diliyorum.\u201d <o:p><\/o:p><\/span><\/p>\n<p><span style='color: black; font-family: \"Calibri\",\"sans-serif\"; font-size: 11pt;'>Yo\u011fun<br \/>\nbir kat\u0131l\u0131m\u0131n oldu\u011fu ve birlik ve beraberlik i\u00e7inde ge\u00e7en kongrenin sonunda<br \/>\nyemek ikram\u0131 yap\u0131ld\u0131.<\/span><span style='font-family: \"Calibri\",\"sans-serif\"; font-size: 11pt; mso-ansi-language: TR;' lang=\"TR\"><o:p><\/o:p><\/span><\/p>\n<p><a href=\"http:\/\/demetnu.nl\/uploads\/articles\/daf68e08.jpg\" rel=\"prettyPhoto[phpmelody]\"><\/a><a href=\"http:\/\/demetnu.nl\/uploads\/articles\/e553e25a.jpg\" rel=\"prettyPhoto[phpmelody]\"><\/a><\/p>\n<p align=\"center\"><a href=\"http:\/\/demetnu.nl\/uploads\/articles\/3f126c05.jpg\" rel=\"prettyPhoto[phpmelody]\"><img loading=\"lazy\" decoding=\"async\" style=\"width: 442px; height: 294px;\" border=\"0\" hspace=\"-1\" alt=\"\" vspace=\"0\" src=\"http:\/\/demetnu.nl\/uploads\/articles\/3f126c05.jpg\" width=\"500\" height=\"310\"><\/a><\/p>\n<p><a href=\"http:\/\/demetnu.nl\/uploads\/articles\/3f126c05.jpg\" rel=\"prettyPhoto[phpmelody]\"><\/p>\n<div align=\"left\">&nbsp;<\/div>\n<p><\/a><\/p>\n","protected":false},"excerpt":{"rendered":"<p>&nbsp;(originele persbericht &#8211; Turks) Hollanda T\u00fcrk Federasyon\u2019a ba\u011fl\u0131 faaliyetlerini s\u00fcrd\u00fcren Amsterdam T\u00fckem \u00dclk\u00fc Oca\u011f\u0131 &#8211; ULU Camii te\u015fkilat\u0131&nbsp; 12. ola\u011fan kongresini Hilal Vakf\u0131 konferans salonunda ger\u00e7ekle\u015ftirdi. Kongre\u2019ye Hollanda T\u00fcrk Federasyon genel ba\u015fkan\u0131 Murat Gedik, Hollanda T\u00fcrk Federasyon icra &nbsp;ve genel idare kurulu \u00fcyeleri, Amsterdam Mescid-i Aksa te\u015fkilat ba\u015fkan\u0131 Necmi \u00c7elik, Beverwijk T\u00fcrk K\u00fclt\u00fcr Oca\u011f\u0131 ba\u015fkan\u0131 [&hellip;]<\/p>\n","protected":false},"author":1,"featured_media":0,"comment_status":"closed","ping_status":"open","sticky":false,"template":"","format":"standard","meta":{"fifu_image_url":"","fifu_image_alt":"","footnotes":""},"categories":[2],"tags":[],"class_list":["post-1058","post","type-post","status-publish","format-standard","hentry","category-nieuws-artikelen"],"aioseo_notices":[],"_links":{"self":[{"href":"https:\/\/demet.nl\/index.php?rest_route=\/wp\/v2\/posts\/1058","targetHints":{"allow":["GET"]}}],"collection":[{"href":"https:\/\/demet.nl\/index.php?rest_route=\/wp\/v2\/posts"}],"about":[{"href":"https:\/\/demet.nl\/index.php?rest_route=\/wp\/v2\/types\/post"}],"author":[{"embeddable":true,"href":"https:\/\/demet.nl\/index.php?rest_route=\/wp\/v2\/users\/1"}],"replies":[{"embeddable":true,"href":"https:\/\/demet.nl\/index.php?rest_route=%2Fwp%2Fv2%2Fcomments&post=1058"}],"version-history":[{"count":0,"href":"https:\/\/demet.nl\/index.php?rest_route=\/wp\/v2\/posts\/1058\/revisions"}],"wp:attachment":[{"href":"https:\/\/demet.nl\/index.php?rest_route=%2Fwp%2Fv2%2Fmedia&parent=1058"}],"wp:term":[{"taxonomy":"category","embeddable":true,"href":"https:\/\/demet.nl\/index.php?rest_route=%2Fwp%2Fv2%2Fcategories&post=1058"},{"taxonomy":"post_tag","embeddable":true,"href":"https:\/\/demet.nl\/index.php?rest_route=%2Fwp%2Fv2%2Ftags&post=1058"}],"curies":[{"name":"wp","href":"https:\/\/api.w.org\/{rel}","templated":true}]}}