{"id":1089,"date":"2013-01-28T12:01:01","date_gmt":"2013-01-28T12:01:01","guid":{"rendered":""},"modified":"2013-01-28T12:01:01","modified_gmt":"2013-01-28T12:01:01","slug":"","status":"publish","type":"post","link":"https:\/\/demet.nl\/?p=1089","title":{"rendered":"Ahmet Kerse i\u00e7in Eindhoven\u2019de anma program\u0131"},"content":{"rendered":"<p style=\"margin: 0cm 0cm 10pt;\" class=\"MsoNormal\"><span style=\"line-height: 115%; font-size: 12pt;\"><font face=\"Arial\">Hollanda<br \/>\nT\u00fcrk Federasyon taraf\u0131ndan idam edilen \u00fclk\u00fcc\u00fc \u015fehitleri anma programlar\u0131<br \/>\nserisinin d\u00f6rd\u00fcnc\u00fcs\u00fc Eindhoven \u015fehrinde yap\u0131ld\u0131. Hollanda T\u00fcrk Federasyon\u2019a<br \/>\nba\u011fl\u0131 Eindhoven Turan Vakf\u0131\u2019n\u0131n ev sahipli\u011finde ger\u00e7ekle\u015fen program bu sefer 12<br \/>\nEyl\u00fcl darbesi sonras\u0131 idam edilen Ahmet Kerse ad\u0131na yap\u0131ld\u0131.<?xml:namespace prefix = o ns = \"urn:schemas-microsoft-com:office:office\" \/><o:p><\/o:p><\/font><\/span><\/p>\n<p><font face=\"Arial\"><\/p>\n<p><\/font><\/p>\n<p style=\"margin: 0cm 0cm 10pt;\" class=\"MsoNormal\"><span style=\"line-height: 115%; font-size: 12pt;\"><font face=\"Arial\">Kuran-\u0131<br \/>\nKerim ve \u0130stiklal Mar\u015f\u0131 okunduktan sonra ba\u015flayan anma program\u0131nda a\u00e7\u0131l\u0131\u015f<br \/>\nkonu\u015fmas\u0131n\u0131 Eindhoven Turan Vakf\u0131 ba\u015fkan\u0131 Alparslan G\u00fcner yapt\u0131. G\u00fcner yapm\u0131\u015f<br \/>\noldu\u011fu konu\u015fmada bu t\u00fcr programlar\u0131n \u00f6nemine de\u011finerek, d\u00f6rd\u00fcnc\u00fcs\u00fc yap\u0131lmakta<br \/>\nolan seri anma programlar\u0131n\u0131n Eindhoven \u015fehrinde yap\u0131lmas\u0131n\u0131n mutlulu\u011funu dile<br \/>\ngetirdi.<o:p><\/o:p><\/font><\/span><\/p>\n<p><font face=\"Arial\"><\/p>\n<p><\/font><\/p>\n<p style=\"margin: 0cm 0cm 10pt;\" class=\"MsoNormal\"><span style=\"line-height: 115%; font-size: 12pt;\"><font face=\"Arial\">Ahmet<br \/>\nKerse\u2019nin hayat\u0131n\u0131n sunumu Hollanda T\u00fcrk Federasyon genel muhasibi Sadettin<br \/>\n\u015eim\u015fek taraf\u0131ndan yap\u0131ld\u0131. \u015eim\u015fek: \u201cS\u0131rf Allah yolunda olup, hi\u00e7 bir su\u00e7u<br \/>\nolmayan Ahmet Kerse\u2019nin idam sonras\u0131 bir kefenin bile kendisine \u00e7ok g\u00f6r\u00fcld\u00fc\u011f\u00fc<br \/>\nmaalesef bir ger\u00e7ektir. <\/font><\/span><\/p>\n<p><font face=\"Arial\"><\/p>\n<hr>\n<p style=\"margin: 0cm 0cm 10pt;\" class=\"MsoNormal\">Ne kefenlenmi\u015ftir, ne de bir cenaze namaz\u0131 k\u0131l\u0131nm\u0131\u015ft\u0131r.<br \/>\nAilesi g\u00fcnlerce sonra idamdan haber edilmi\u015ftir, zorlukla g\u00f6m\u00fcld\u00fc\u011f\u00fc yer<br \/>\nbulunmu\u015f, \u015fehidimiz kefenlenip ve namaz\u0131 k\u0131l\u0131nd\u0131ktan sonra tekrar topra\u011fa<br \/>\nverilmi\u015ftir.<\/p>\n<p><\/font><\/p>\n<p style=\"margin: 0cm 0cm 10pt;\" class=\"MsoNormal\"><span style=\"line-height: 115%; font-size: 12pt;\"><font face=\"Arial\">Ahmet<br \/>\nKerse\u2019yi anma program\u0131nda Hollanda T\u00fcrk Federasyon genel ba\u015fkan\u0131 Murat Gedik<br \/>\nson konu\u015fmac\u0131 olarak s\u00f6z ald\u0131. Gedik: \u201cBir insan bir d\u00fcnya g\u00f6r\u00fc\u015f\u00fcn\u00fc<br \/>\nbenimsiyorsa, o g\u00f6r\u00fc\u015f\u00fcn teorik yap\u0131s\u0131n\u0131 \u00e7ok iyi bilmelidir. \u0130\u015fte bu sebepten bu<br \/>\nt\u00fcr programlar\u0131m\u0131z s\u00fcrekli olarak tekrar edilecektir. Birileri can\u0131n\u0131 dahi bu<br \/>\nyolda verebiliyorsa, bizlerin de temsil noktas\u0131nda onlara lay\u0131k olma<br \/>\nmecburiyeti vard\u0131r.\u201d <o:p><\/o:p><\/font><\/span><font face=\"Arial\"><\/p>\n<p><\/font><\/p>\n<p style=\"margin: 0cm 0cm 10pt;\" class=\"MsoNormal\"><span style=\"line-height: 115%; font-size: 12pt;\"><font face=\"Arial\">Programda<br \/>\nErkut Din\u00e7 ve Erhan G\u00fcner taraf\u0131ndan kendi yazm\u0131\u015f olduklar\u0131 \u015fiirler okundu.<br \/>\nAhmet Kerse i\u00e7in okunan Yasin- i \u015eerif sonras\u0131 program son buldu.<o:p><\/o:p><\/font><\/span><\/p>\n<p><font face=\"Arial\"><\/p>\n<p><\/font><\/p>\n<p style=\"margin: 0cm 0cm 10pt;\" class=\"MsoNormal\"><span style=\"line-height: 115%; font-size: 12pt;\"><font face=\"Arial\">\u0130dam edilen<br \/>\n9 \u00fclk\u00fcc\u00fc an\u0131s\u0131na yap\u0131lacak olan seri programlar\u0131n bir sonras\u0131 10 \u015eubat g\u00fcn\u00fc Utrecht<br \/>\nT\u00fcrk K\u00fclt\u00fcr Merkezi ev sahipli\u011finde Sel\u00e7uk Durac\u0131k ad\u0131na olacakt\u0131r.<\/font><\/span><\/p>\n<p style=\"margin: 0cm 0cm 10pt;\" class=\"MsoNormal\"><span style=\"line-height: 115%; font-size: 12pt;\">Copyight Demet TV 2013<\/span><\/p>\n<p style=\"margin: 0cm 0cm 10pt;\" class=\"MsoNormal\"><span style=\"line-height: 115%; font-size: 12pt;\"><\/span>&nbsp;<\/p>\n<p style=\"margin: 0cm 0cm 10pt;\" class=\"MsoNormal\"><span style=\"line-height: 115%; font-size: 12pt;\"><font face=\"Calibri\"><o:p><\/o:p><\/font><\/span>&nbsp;<\/p>\n<p><a href=\"http:\/\/demetnu.nl\/uploads\/articles\/3d971375.jpg\" rel=\"prettyPhoto[phpmelody]\"><\/a><\/p>\n","protected":false},"excerpt":{"rendered":"<p>Hollanda T\u00fcrk Federasyon taraf\u0131ndan idam edilen \u00fclk\u00fcc\u00fc \u015fehitleri anma programlar\u0131 serisinin d\u00f6rd\u00fcnc\u00fcs\u00fc Eindhoven \u015fehrinde yap\u0131ld\u0131. Hollanda T\u00fcrk Federasyon\u2019a ba\u011fl\u0131 Eindhoven Turan Vakf\u0131\u2019n\u0131n ev sahipli\u011finde ger\u00e7ekle\u015fen program bu sefer 12 Eyl\u00fcl darbesi sonras\u0131 idam edilen Ahmet Kerse ad\u0131na yap\u0131ld\u0131. Kuran-\u0131 Kerim ve \u0130stiklal Mar\u015f\u0131 okunduktan sonra ba\u015flayan anma program\u0131nda a\u00e7\u0131l\u0131\u015f konu\u015fmas\u0131n\u0131 Eindhoven Turan Vakf\u0131 ba\u015fkan\u0131 Alparslan [&hellip;]<\/p>\n","protected":false},"author":1,"featured_media":0,"comment_status":"closed","ping_status":"open","sticky":false,"template":"","format":"standard","meta":{"fifu_image_url":"","fifu_image_alt":"","footnotes":""},"categories":[2],"tags":[],"class_list":["post-1089","post","type-post","status-publish","format-standard","hentry","category-nieuws-artikelen"],"aioseo_notices":[],"_links":{"self":[{"href":"https:\/\/demet.nl\/index.php?rest_route=\/wp\/v2\/posts\/1089","targetHints":{"allow":["GET"]}}],"collection":[{"href":"https:\/\/demet.nl\/index.php?rest_route=\/wp\/v2\/posts"}],"about":[{"href":"https:\/\/demet.nl\/index.php?rest_route=\/wp\/v2\/types\/post"}],"author":[{"embeddable":true,"href":"https:\/\/demet.nl\/index.php?rest_route=\/wp\/v2\/users\/1"}],"replies":[{"embeddable":true,"href":"https:\/\/demet.nl\/index.php?rest_route=%2Fwp%2Fv2%2Fcomments&post=1089"}],"version-history":[{"count":0,"href":"https:\/\/demet.nl\/index.php?rest_route=\/wp\/v2\/posts\/1089\/revisions"}],"wp:attachment":[{"href":"https:\/\/demet.nl\/index.php?rest_route=%2Fwp%2Fv2%2Fmedia&parent=1089"}],"wp:term":[{"taxonomy":"category","embeddable":true,"href":"https:\/\/demet.nl\/index.php?rest_route=%2Fwp%2Fv2%2Fcategories&post=1089"},{"taxonomy":"post_tag","embeddable":true,"href":"https:\/\/demet.nl\/index.php?rest_route=%2Fwp%2Fv2%2Ftags&post=1089"}],"curies":[{"name":"wp","href":"https:\/\/api.w.org\/{rel}","templated":true}]}}