{"id":1118,"date":"2013-01-30T15:56:14","date_gmt":"2013-01-30T15:56:14","guid":{"rendered":""},"modified":"2013-01-30T15:56:14","modified_gmt":"2013-01-30T15:56:14","slug":"","status":"publish","type":"post","link":"https:\/\/demet.nl\/?p=1118","title":{"rendered":"Yunus Emre Enstit\u00fcs\u00fc Ba\u015fkan\u0131\u2019n\u0131n ilk yurtd\u0131\u015f\u0131 ziyareti Hollanda\u2019ya"},"content":{"rendered":"<p><font face=\"Arial\"><\/p>\n<p><\/font><\/p>\n<p style=\"margin: 0cm 0cm 10pt;\" class=\"MsoNormal\"><span style=\"mso-ansi-language: TR;\" lang=\"TR\"><font face=\"Arial\"><a href=\"http:\/\/demetnu.nl\/uploads\/articles\/a5223870.jpg\" rel=\"prettyPhoto[phpmelody]\"><img loading=\"lazy\" decoding=\"async\" style=\"width: 387px; height: 245px;\" border=\"0\" hspace=\"-1\" alt=\"\" vspace=\"0\" src=\"http:\/\/demetnu.nl\/uploads\/articles\/a5223870.jpg\" width=\"500\" height=\"311\"><\/a><\/font><\/span><\/p>\n<p style=\"margin: 0cm 0cm 10pt;\" class=\"MsoNormal\"><span style=\"mso-ansi-language: TR;\" lang=\"TR\"><font face=\"Arial\">Ba\u015fkan Prof. Dr.<br \/>\nHayati Develi ve Ba\u015fkan Yard\u0131mc\u0131s\u0131 Dr. Adnan Tek\u015fen\u2019den olu\u015fan iki ki\u015filik Yunus<br \/>\nEmre Enstit\u00fcs\u00fc heyeti Amsterdam Yunus Emre T\u00fcrk K\u00fclt\u00fcr Merkezi\u2019nin kurulma<br \/>\n\u00e7al\u0131\u015fmalar\u0131 hakk\u0131nda bilgi almak ve merkez i\u00e7in tespit edilen bina adaylar\u0131n\u0131<br \/>\ng\u00f6rmek amac\u0131yla 24-26 Ocak 2013 tarihleri aras\u0131nda Hollanda\u2019ya bir ziyaret<br \/>\nger\u00e7ekle\u015ftirdiler. Hollanda, say\u0131n Develi\u2019nin g\u00f6reve ba\u015flad\u0131ktan sonra ziyaret<br \/>\netti\u011fi ilk \u00fclke oldu.<?xml:namespace prefix = o ns = \"urn:schemas-microsoft-com:office:office\" \/><o:p><\/o:p><\/font><\/span><\/p>\n<p><font face=\"Arial\"><\/p>\n<p><\/font><\/p>\n<p style=\"margin: 0cm 0cm 10pt;\" class=\"MsoNormal\"><span style=\"mso-ansi-language: TR;\" lang=\"TR\"><font face=\"Arial\">Ziyaretin birinci<br \/>\nb\u00f6l\u00fcm\u00fcnde Amsterdam Yunus Emre T\u00fcrk K\u00fclt\u00fcr Merkezi m\u00fcd\u00fcr\u00fc Remzi Kabaday\u0131 Yunus<br \/>\nEmre Enstit\u00fcs\u00fc heyetine K\u00fclt\u00fcr Merkezi kurulu\u015f \u00e7al\u0131\u015fmalar\u0131 hakk\u0131nda bilgi<br \/>\nverdi. Ziyaret program\u0131n\u0131n ikinci b\u00f6l\u00fcm\u00fcnde K\u00fclt\u00fcr Merkezi i\u00e7in Amsterdam\u2019da<br \/>\ntespit edilen binalar gezilerek, binalar hakk\u0131nda yetkililerden bilgi al\u0131nd\u0131. <o:p><\/o:p><\/font><\/span><\/p>\n<p><font face=\"Arial\"><\/p>\n<p><\/font><\/p>\n<p style=\"margin: 0cm 0cm 10pt;\" class=\"MsoNormal\"><span style=\"mso-ansi-language: TR;\" lang=\"TR\"><font face=\"Arial\">Ba\u015fkan Prof. Dr. Develi<br \/>\nliderli\u011findeki Yunus Emre Enstit\u00fcs\u00fc heyeti son olarak Lahey B\u00fcy\u00fckel\u00e7isi say\u0131n<br \/>\nU\u011fur Do\u011fan\u2019a bir nezaket ziyaretinde bulundu. Ba\u015fkan Prof. Dr. Develi B\u00fcy\u00fckel\u00e7i<br \/>\nsay\u0131n Do\u011fan\u2019a \u00e7al\u0131\u015fmalar\u0131 ve Hollanda ziyaretleri hakk\u0131nda bilgi vererek<br \/>\nkendilerine g\u00f6sterdikleri misafir perverlikten dolay\u0131 te\u015fekk\u00fcr etti. <span style=\"mso-spacerun: yes;\">&nbsp;<\/span>B\u00fcy\u00fckel\u00e7i U\u011fur Do\u011fan ise heyete 2012 y\u0131l\u0131nda<br \/>\nHollanda ile T\u00fcrkiye aras\u0131nda diplomatik ve ticari ili\u015fkilerin ba\u015flamas\u0131n\u0131n<br \/>\n400. Y\u0131l d\u00f6n\u00fcm\u00fc m\u00fcnasebetiyle B\u00fcy\u00fckel\u00e7ili\u011fin y\u00fcr\u00fctt\u00fc\u011f\u00fc projeler ve 2012 y\u0131l\u0131nda<br \/>\niki \u00fclke aras\u0131nda ger\u00e7ekle\u015fen resmi ziyaretler hakk\u0131nda bilgi verdi. B\u00fcy\u00fckel\u00e7i<br \/>\nsay\u0131n Do\u011fan B\u00fcy\u00fckel\u00e7ilik rezidans\u0131nda Yunus Emre Enstit\u00fcs\u00fc Ba\u015fkan\u0131 ve<br \/>\nberaberindeki heyetin onuruna bir ak\u015fam yeme\u011fi verdi.<o:p><\/o:p><\/font><\/span><\/p>\n<p><font face=\"Arial\"><\/p>\n<p><\/font><\/p>\n<p style=\"margin: 0cm 0cm 10pt;\" class=\"MsoNormal\"><span style=\"mso-ansi-language: TR;\" lang=\"TR\"><font face=\"Arial\">Yunus Emre Enstit\u00fcs\u00fc<br \/>\nBa\u015fkan ve Ba\u015fkan Yard\u0131mc\u0131s\u0131ndan olu\u015fan heyet 26 Ocak 2012 tarihinde<br \/>\nArnavutluk\u2019a gitmek \u00fczere Hollanda\u2019dan ayr\u0131ld\u0131. <\/font><\/span><\/p>\n<p style=\"margin: 0cm 0cm 10pt;\" class=\"MsoNormal\"><a href=\"http:\/\/demetnu.nl\/uploads\/articles\/0133260d.jpg\" rel=\"prettyPhoto[phpmelody]\"><img loading=\"lazy\" decoding=\"async\" style=\"width: 382px; height: 269px;\" border=\"0\" hspace=\"-1\" alt=\"\" vspace=\"0\" src=\"http:\/\/demetnu.nl\/uploads\/articles\/0133260d.jpg\" width=\"500\" height=\"311\"><\/a><\/p>\n<p style=\"margin: 0cm 0cm 10pt;\" class=\"MsoNormal\">&nbsp;<\/p>\n<p style=\"margin: 0cm 0cm 10pt;\" class=\"MsoNormal\">Copyright by Demet TV<\/p>\n","protected":false},"excerpt":{"rendered":"<p>Ba\u015fkan Prof. Dr. Hayati Develi ve Ba\u015fkan Yard\u0131mc\u0131s\u0131 Dr. Adnan Tek\u015fen\u2019den olu\u015fan iki ki\u015filik Yunus Emre Enstit\u00fcs\u00fc heyeti Amsterdam Yunus Emre T\u00fcrk K\u00fclt\u00fcr Merkezi\u2019nin kurulma \u00e7al\u0131\u015fmalar\u0131 hakk\u0131nda bilgi almak ve merkez i\u00e7in tespit edilen bina adaylar\u0131n\u0131 g\u00f6rmek amac\u0131yla 24-26 Ocak 2013 tarihleri aras\u0131nda Hollanda\u2019ya bir ziyaret ger\u00e7ekle\u015ftirdiler. Hollanda, say\u0131n Develi\u2019nin g\u00f6reve ba\u015flad\u0131ktan sonra ziyaret etti\u011fi [&hellip;]<\/p>\n","protected":false},"author":1,"featured_media":0,"comment_status":"closed","ping_status":"open","sticky":false,"template":"","format":"standard","meta":{"fifu_image_url":"","fifu_image_alt":"","footnotes":""},"categories":[2],"tags":[],"class_list":["post-1118","post","type-post","status-publish","format-standard","hentry","category-nieuws-artikelen"],"aioseo_notices":[],"_links":{"self":[{"href":"https:\/\/demet.nl\/index.php?rest_route=\/wp\/v2\/posts\/1118","targetHints":{"allow":["GET"]}}],"collection":[{"href":"https:\/\/demet.nl\/index.php?rest_route=\/wp\/v2\/posts"}],"about":[{"href":"https:\/\/demet.nl\/index.php?rest_route=\/wp\/v2\/types\/post"}],"author":[{"embeddable":true,"href":"https:\/\/demet.nl\/index.php?rest_route=\/wp\/v2\/users\/1"}],"replies":[{"embeddable":true,"href":"https:\/\/demet.nl\/index.php?rest_route=%2Fwp%2Fv2%2Fcomments&post=1118"}],"version-history":[{"count":0,"href":"https:\/\/demet.nl\/index.php?rest_route=\/wp\/v2\/posts\/1118\/revisions"}],"wp:attachment":[{"href":"https:\/\/demet.nl\/index.php?rest_route=%2Fwp%2Fv2%2Fmedia&parent=1118"}],"wp:term":[{"taxonomy":"category","embeddable":true,"href":"https:\/\/demet.nl\/index.php?rest_route=%2Fwp%2Fv2%2Fcategories&post=1118"},{"taxonomy":"post_tag","embeddable":true,"href":"https:\/\/demet.nl\/index.php?rest_route=%2Fwp%2Fv2%2Ftags&post=1118"}],"curies":[{"name":"wp","href":"https:\/\/api.w.org\/{rel}","templated":true}]}}