{"id":1156,"date":"2013-02-06T11:19:13","date_gmt":"2013-02-06T11:19:13","guid":{"rendered":""},"modified":"2013-02-06T11:19:13","modified_gmt":"2013-02-06T11:19:13","slug":"","status":"publish","type":"post","link":"https:\/\/demet.nl\/?p=1156","title":{"rendered":"HAK-DER yeni y\u00f6netimini se\u00e7ti"},"content":{"rendered":"<p><font face=\"Arial\"><a href=\"http:\/\/demetnu.nl\/uploads\/articles\/14332f5d.jpg\" rel=\"prettyPhoto[phpmelody]\"><img loading=\"lazy\" decoding=\"async\" style=\"width: 296px; height: 178px;\" border=\"0\" hspace=\"-1\" alt=\"\" vspace=\"0\" src=\"http:\/\/demetnu.nl\/uploads\/articles\/14332f5d.jpg\" width=\"448\" height=\"327\"><\/a><\/font><\/p>\n<p><font face=\"Arial\">Hollanda Alevi Birlikleri&nbsp; Federasyonu (HAK-DER)&nbsp; Genel Kurulu 27 Ocak 2013 tarihinde Den Haag Rijswijk te yap\u0131ld\u0131.<br \/>&nbsp;<br \/>Ibrahim Yerden Ba\u015fkanl\u0131\u011f\u0131\u2019ndaki divan heyetinin y\u00f6netti\u011fi Genel Kurul sayg\u0131 duru\u015fu ile ba\u015flad\u0131. HAK-DER Genel Ba\u015fkan\u0131 Muharrem Cengiz in a\u00e7\u0131l\u0131\u015f konu\u015fmas\u0131 sonras\u0131, \u00e7al\u0131\u015fma ve mali raporlar okundu ve akland\u0131. Daha sonra delegeler s\u00f6z alarak, Alevi hareketinin mevcut durumu ve g\u00fcncel siyasi geli\u015fmelere y\u00f6nelik genel g\u00f6r\u00fc\u015flerini belirttiler, \u00e7e\u015fitli \u00f6nerilerde bulundular.<br \/>&nbsp;<br \/>Genel g\u00f6r\u00fc\u015fmeler sonras\u0131 HAK-DER y\u00f6netim organlar\u0131n\u0131n se\u00e7imi g\u00f6r\u00fc\u015f\u00fclmeye a\u00e7\u0131ld\u0131. Yap\u0131lan de\u011ferlendirmeler sonucu Fethi K\u0131lli ve Muharrem Cengiz&nbsp; Genel Ba\u015fkanl\u0131\u011f\u0131\u2019nda haz\u0131rlanan iki liste, delegelerin oylar\u0131na sunuldu.<\/p>\n<hr>\n<p><\/font><font face=\"Arial\">Genel Kurul&#8217;da yapilan oylama sonucunda&nbsp; Hollanda Alevi&nbsp; Birlikleri Federasyonunu&nbsp; Genel Ba\u015fkanl\u0131\u011f\u0131na Fethi K\u0131ll\u0131\u2019\u2019nin se\u00e7ildi\u011fi bildirildi.<\/font><\/p>\n<p><font face=\"Arial\">HAK-DER yeni Genel Ba\u015fkan\u0131 se\u00e7ilen Fethi K\u0131ll\u0131, oylama sonras\u0131 yapt\u0131\u011f\u0131 konu\u015fmada \u015funlar\u0131 belirtti:<br \/>&nbsp;<br \/>HAK-DER&nbsp; olarak, Alevi hareketinde,Hollanda nin yan\u0131s\u0131ra Avrupada da&nbsp; Alevilerin birli\u011fini ve Alevi d\u00fcnyas\u0131n\u0131n ihtiya\u00e7lar\u0131na cevap verecek \u00f6rg\u00fctsel bir yeniden yap\u0131lanmay\u0131 hedefliyoruz. \u00d6n\u00fcm\u00fczdeki g\u00fcnlerde Genel Y\u00f6netim Kurulu olarak bir araya gelece\u011fiz ve g\u00f6rev payla\u015f\u0131m\u0131n\u0131 yapaca\u011f\u0131z. HAK-DER \u2019nin yeni y\u00f6netimi olarak, hem Alevi toplumunun kar\u015f\u0131s\u0131na, hem de T\u00fcrkiye kamuoyunun kar\u015f\u0131s\u0131na ki\u015fisel tart\u0131\u015fmalarla de\u011fil, toplumumuz yarar\u0131na&nbsp; projelerle \u00e7\u0131kmay\u0131 hedefliyoruz. Toplumuzun her alandaki acil taleplerini ve ihtiya\u00e7lar\u0131n\u0131 kar\u015f\u0131lamak i\u00e7in, Alevi hareketinin b\u00fct\u00fcn \u00f6rg\u00fctlenmeleri ile kordinasyonumuz artt\u0131racak, dedelerimizden, sanat\u00e7\u0131lar\u0131m\u0131za, akademisyenlerimizden, i\u015f adamlar\u0131m\u0131za kadar b\u00fct\u00fcn kesimlerini kucaklayacak \u015fekilde hareket edece\u011fiz. <\/font><\/p>\n<p><font face=\"Arial\">&nbsp;<br \/>HAK-DER&nbsp;&nbsp;&nbsp; Genel Y\u00f6netim Kurulu: <\/font><\/p>\n<p><font face=\"Arial\">Genel Baskan &#8211; Fethi Killi<br \/>Baskan Yardimcisi- Nurettin Altundal<br \/>Genel Sekreter &#8211; Halil Seckin<br \/>Sekreter yardimcisi- Filiz Caglar<br \/>Sayman &#8211; Sultan Asilioglu<br \/>Yonetim kurulu uyesi- Huseyin Sahin<br \/>Yonetim kurulu uyesi- Fatos Algur<br \/>Yonetim kurulu uyesi- Ismail Can<br \/>Yonetim kurulu uyesi- Filiz Caglar<br \/>Yonetim kurulu uyesi- Yusuf Kaplan<br \/>&nbsp;<\/font><\/p>\n<p><font face=\"Arial\">HAK-DER&nbsp;&nbsp; Denetleme Kurulu: <br \/>Adnan Yilmaz<br \/>Makbule Solmaz<br \/>Ayhan Erbudak<br \/>Veli Gorur<br \/>Huseyin Dogan<br \/>&nbsp;<\/font><\/p>\n<p><font face=\"Arial\">HAK-DER&nbsp; Disiplin Kurulu<br \/>Serafettin Yurdakul<br \/>Sakine Akdag<br \/>Hasan Cakmak<br \/>Mustafa Selcik<br \/>Hasan Turken<br \/>&nbsp;<\/font><\/p>\n<p><font face=\"Arial\">Denetim ve Disiplin kurulu su ana kadar gorev taksimi yapmadiklarindan sadece bu kurullarda gorev alan delegelerimizin isimlerini bildiriyoruz. Gorev taksimi yapildiginda bunu en kisa zamanda federasyonumuzun internet sitesinde sizlere duyuracagiz.<\/font><\/p>\n<p><font face=\"Arial\"><\/font>&nbsp;<\/p>\n<p><font face=\"Arial\">Demet TV<\/font><\/p>\n<p><font face=\"Arial\">&nbsp;<br \/><\/font><\/p>\n<p><a href=\"http:\/\/demetnu.nl\/uploads\/articles\/14332f5d.jpg\" rel=\"prettyPhoto[phpmelody]\"><\/a><\/p>\n","protected":false},"excerpt":{"rendered":"<p>Hollanda Alevi Birlikleri&nbsp; Federasyonu (HAK-DER)&nbsp; Genel Kurulu 27 Ocak 2013 tarihinde Den Haag Rijswijk te yap\u0131ld\u0131.&nbsp;Ibrahim Yerden Ba\u015fkanl\u0131\u011f\u0131\u2019ndaki divan heyetinin y\u00f6netti\u011fi Genel Kurul sayg\u0131 duru\u015fu ile ba\u015flad\u0131. HAK-DER Genel Ba\u015fkan\u0131 Muharrem Cengiz in a\u00e7\u0131l\u0131\u015f konu\u015fmas\u0131 sonras\u0131, \u00e7al\u0131\u015fma ve mali raporlar okundu ve akland\u0131. Daha sonra delegeler s\u00f6z alarak, Alevi hareketinin mevcut durumu ve g\u00fcncel siyasi [&hellip;]<\/p>\n","protected":false},"author":1,"featured_media":0,"comment_status":"closed","ping_status":"open","sticky":false,"template":"","format":"standard","meta":{"fifu_image_url":"","fifu_image_alt":"","footnotes":""},"categories":[2],"tags":[],"class_list":["post-1156","post","type-post","status-publish","format-standard","hentry","category-nieuws-artikelen"],"aioseo_notices":[],"_links":{"self":[{"href":"https:\/\/demet.nl\/index.php?rest_route=\/wp\/v2\/posts\/1156","targetHints":{"allow":["GET"]}}],"collection":[{"href":"https:\/\/demet.nl\/index.php?rest_route=\/wp\/v2\/posts"}],"about":[{"href":"https:\/\/demet.nl\/index.php?rest_route=\/wp\/v2\/types\/post"}],"author":[{"embeddable":true,"href":"https:\/\/demet.nl\/index.php?rest_route=\/wp\/v2\/users\/1"}],"replies":[{"embeddable":true,"href":"https:\/\/demet.nl\/index.php?rest_route=%2Fwp%2Fv2%2Fcomments&post=1156"}],"version-history":[{"count":0,"href":"https:\/\/demet.nl\/index.php?rest_route=\/wp\/v2\/posts\/1156\/revisions"}],"wp:attachment":[{"href":"https:\/\/demet.nl\/index.php?rest_route=%2Fwp%2Fv2%2Fmedia&parent=1156"}],"wp:term":[{"taxonomy":"category","embeddable":true,"href":"https:\/\/demet.nl\/index.php?rest_route=%2Fwp%2Fv2%2Fcategories&post=1156"},{"taxonomy":"post_tag","embeddable":true,"href":"https:\/\/demet.nl\/index.php?rest_route=%2Fwp%2Fv2%2Ftags&post=1156"}],"curies":[{"name":"wp","href":"https:\/\/api.w.org\/{rel}","templated":true}]}}