{"id":1288,"date":"2013-02-26T10:50:57","date_gmt":"2013-02-26T10:50:57","guid":{"rendered":""},"modified":"2013-02-26T10:50:57","modified_gmt":"2013-02-26T10:50:57","slug":"","status":"publish","type":"post","link":"https:\/\/demet.nl\/?p=1288","title":{"rendered":"IOT\u2019nin yeni ba\u015fkan\u0131 Emre \u00dcnver"},"content":{"rendered":"<p style=\"margin: 0cm 0cm 0pt;\" class=\"MsoNormal\"><span style='font-family: \"Calibri\",\"sans-serif\";'><a href=\"http:\/\/demetnu.nl\/uploads\/articles\/b61f9876.jpg\" rel=\"prettyPhoto[phpmelody]\"><img loading=\"lazy\" decoding=\"async\" style=\"width: 390px; height: 273px;\" border=\"0\" hspace=\"-1\" alt=\"\" vspace=\"0\" src=\"http:\/\/demetnu.nl\/uploads\/articles\/b61f9876.jpg\" width=\"500\" height=\"378\"><\/a><\/span><\/p>\n<p style=\"margin: 0cm 0cm 0pt;\" class=\"MsoNormal\"><span style='font-family: \"Calibri\",\"sans-serif\";'>IOT Genel<br \/>\nY\u00f6netim Kurulu\u2019nun 22 \u015eubat 2013 tarihinde yap\u0131lan toplant\u0131s\u0131nda,<span style=\"mso-spacerun: yes;\">&nbsp; <\/span>Emre \u00dcnver (31) ba\u015fkan se\u00e7ildi. G\u00f6rev<br \/>\ns\u00fcresinin dolmas\u0131 nedeniyle ba\u015fkanl\u0131ktan ayr\u0131lan Ayd\u0131n Akkaya\u2019n\u0131n yerine<br \/>\nse\u00e7ilen Emre \u00dcnver, 2009 y\u0131l\u0131ndan beri HT\u0130B ad\u0131na IOT Y\u00f6netim Kurulu\u2019nda g\u00f6rev<br \/>\nyap\u0131yor. <span style=\"mso-spacerun: yes;\">&nbsp;<\/span>Se\u00e7ildikten sonra bir konu\u015fma<br \/>\nyapan Emre \u00dcnver, <span style=\"mso-spacerun: yes;\">&nbsp;<\/span>kendisine duyulan<br \/>\ng\u00fcvenden dolay\u0131 t\u00fcm \u00fcyelere te\u015fekk\u00fcr etti. Ayd\u0131n Akkaya\u2019n\u0131n g\u00f6revde kald\u0131\u011f\u0131<br \/>\nyakla\u015f\u0131k 3 y\u0131ll\u0131k s\u00fcre i\u00e7inde \u00f6nemli hak kazan\u0131mlar\u0131n\u0131n oldu\u011funu belirterek, katk\u0131lar\u0131ndan<br \/>\ndolay\u0131 kendisine te\u015fekk\u00fcr etti. <\/p>\n<hr>\n<p style=\"margin: 0cm 0cm 0pt;\" class=\"MsoNormal\"><\/span><span style='font-family: \"Calibri\",\"sans-serif\";'>Amsterdam<br \/>\ndo\u011fumlu olan ve y\u00fcksek e\u011fitimini burada tamamlayan Emre \u00dcnver, 2006 y\u0131l\u0131ndan<br \/>\nberi \u0130\u015f\u00e7i Partisi (PvdA) ad\u0131na<span style=\"mso-spacerun: yes;\">&nbsp; <\/span>Amsterdam<br \/>\nBelediye Meclisi \u00dcyesi ve ayn\u0131 zamanda Grup Ba\u015fkan Vekili. IOT\u2019nin gelece\u011fi a\u00e7\u0131s\u0131ndan<br \/>\n\u00e7alkant\u0131l\u0131 bir d\u00f6nemde g\u00f6reve geldi\u011fini belirten \u00dcnver,<span style=\"mso-spacerun: yes;\">&nbsp; <\/span>\u00f6ncelikli hedeflerinin devlet taraf\u0131ndan<br \/>\ns\u00fcbvansiyonu kesilen IOT\u2019nin kendi ayaklar\u0131 \u00fczerinde durmas\u0131n\u0131 sa\u011flayarak<br \/>\ngelece\u011fe ta\u015f\u0131mak oldu\u011funu s\u00f6yledi. Hollanda\u2019da ya\u015fad\u0131\u011f\u0131m\u0131z sorunlar\u0131n \u00e7\u00f6z\u00fcm\u00fc<br \/>\ndo\u011frultusunda 27 y\u0131ld\u0131r etkili bi\u00e7imde devam eden<span style=\"mso-spacerun: yes;\">&nbsp; <\/span>hak m\u00fccadelesinin devam edebilmesi i\u00e7in \u00fcye<br \/>\nfederasyonlar ba\u015fta olmak \u00fczere toplumumuzun her kesimine \u00f6nemli sorumluluklar<br \/>\nd\u00fc\u015ft\u00fc\u011f\u00fcn\u00fc belirtti.<?xml:namespace prefix = o ns = \"urn:schemas-microsoft-com:office:office\" \/><o:p><\/o:p><\/span><\/p>\n<p style=\"margin: 0cm 0cm 0pt;\" class=\"MsoNormal\"><span style='font-family: \"Calibri\",\"sans-serif\";'><o:p>&nbsp;<\/o:p><\/span><\/p>\n<p style=\"margin: 0cm 0cm 0pt;\" class=\"MsoNormal\"><span style='font-family: \"Calibri\",\"sans-serif\";'>IOT\u2019ye \u00fcye<br \/>\n9 federasyonun temsilcilerinin haz\u0131r bulundu\u011fu toplant\u0131da yap\u0131lan se\u00e7imler<br \/>\nsonunda IOT Y\u00fcr\u00fctme Kurulu \u015fu isimlerden olu\u015ftu;<o:p><\/o:p><\/span><\/p>\n<p style=\"margin: 0cm 0cm 0pt;\" class=\"MsoNormal\"><span style='font-family: \"Calibri\",\"sans-serif\";'><o:p>&nbsp;<a href=\"http:\/\/demetnu.nl\/uploads\/articles\/7e03d01e.jpg\" rel=\"prettyPhoto[phpmelody]\"><img loading=\"lazy\" decoding=\"async\" style=\"width: 221px; height: 265px;\" border=\"0\" hspace=\"-1\" alt=\"\" vspace=\"0\" src=\"http:\/\/demetnu.nl\/uploads\/articles\/7e03d01e.jpg\" width=\"427\" height=\"640\"><\/a><\/o:p><\/span><\/p>\n<p style=\"margin: 0cm 0cm 0pt; line-height: 150%;\" class=\"MsoNormal\"><b style=\"mso-bidi-font-weight: normal;\"><i style=\"mso-bidi-font-style: normal;\"><span style='font-family: \"Calibri\",\"sans-serif\";'>Emre<br \/>\n\u00dcnver, Ba\u015fkan (Hollanda T\u00fcrkiyeli \u0130\u015f\u00e7iler Birli\u011fi-HT\u0130B)<o:p><\/o:p><\/span><\/i><\/b><\/p>\n<p style=\"margin: 0cm 0cm 0pt; line-height: 150%;\" class=\"MsoNormal\"><b style=\"mso-bidi-font-weight: normal;\"><i style=\"mso-bidi-font-style: normal;\"><span style='font-family: \"Calibri\",\"sans-serif\";'>G\u00f6ksel<br \/>\nSoyug\u00fczel, \u0130kinci Ba\u015fkan (T\u00fcrk \u0130slam K\u00fclt\u00fcr Dernekleri Federasyonu, T\u0130KDF)<o:p><\/o:p><\/span><\/i><\/b><\/p>\n<p style=\"margin: 0cm 0cm 0pt; line-height: 150%;\" class=\"MsoNormal\"><b style=\"mso-bidi-font-weight: normal;\"><i style=\"mso-bidi-font-style: normal;\"><span style='font-family: \"Calibri\",\"sans-serif\"; mso-ansi-language: EN-GB;' lang=\"EN-GB\">H\u00fcseyin Yanmaz,<br \/>\nSayman (Hollanda \u0130slam Federasyonu, NIF) <o:p><\/o:p><\/span><\/i><\/b><\/p>\n<p style=\"margin: 0cm 0cm 0pt; line-height: 150%;\" class=\"MsoNormal\"><b style=\"mso-bidi-font-weight: normal;\"><i style=\"mso-bidi-font-style: normal;\"><span style='font-family: \"Calibri\",\"sans-serif\"; mso-ansi-language: EN-GB;' lang=\"EN-GB\">Sevil<br \/>\nErt\u00fcrk, Sekreter (Hollanda T\u00fcrkiyeli Kad\u0131nlar Birli\u011fi, HTKB)<o:p><\/o:p><\/span><\/i><\/b><\/p>\n<p style=\"margin: 0cm 0cm 0pt; line-height: 150%;\" class=\"MsoNormal\"><b style=\"mso-bidi-font-weight: normal;\"><i style=\"mso-bidi-font-style: normal;\"><span style='font-family: \"Calibri\",\"sans-serif\"; mso-ansi-language: EN-GB;' lang=\"EN-GB\">Ali Ko\u00e7ak,<br \/>\n\u0130kinci Sekreter (Hollanda T\u00fcrk Spor ve K\u00fclt\u00fcr Federasyonu, HTSKF)<\/span><\/i><\/b><\/p>\n<p style=\"margin: 0cm 0cm 0pt; line-height: 150%;\" class=\"MsoNormal\"><b style=\"mso-bidi-font-weight: normal;\"><i style=\"mso-bidi-font-style: normal;\"><span style='font-family: \"Calibri\",\"sans-serif\"; mso-ansi-language: EN-GB;' lang=\"EN-GB\"><\/span><\/i><\/b>&nbsp;<\/p>\n<p style=\"margin: 0cm 0cm 0pt; line-height: 150%;\" class=\"MsoNormal\"><b style=\"mso-bidi-font-weight: normal;\"><i style=\"mso-bidi-font-style: normal;\"><span style='font-family: \"Calibri\",\"sans-serif\"; mso-ansi-language: EN-GB;' lang=\"EN-GB\"><\/span><\/i><\/b>&nbsp;<\/p>\n<p style=\"margin: 0cm 0cm 0pt; line-height: 150%;\" class=\"MsoNormal\"><b style=\"mso-bidi-font-weight: normal;\"><i style=\"mso-bidi-font-style: normal;\"><span style='font-family: \"Calibri\",\"sans-serif\"; mso-ansi-language: EN-GB;' lang=\"EN-GB\">26-02-2013, Demet TV<\/span><\/i><\/b><\/p>\n<p style=\"margin: 0cm 0cm 0pt; line-height: 150%;\" class=\"MsoNormal\"><b style=\"mso-bidi-font-weight: normal;\"><i style=\"mso-bidi-font-style: normal;\"><span style='font-family: \"Calibri\",\"sans-serif\"; mso-ansi-language: EN-GB;' lang=\"EN-GB\"><\/span><\/i><\/b>&nbsp;<\/p>\n<p><a href=\"http:\/\/demetnu.nl\/uploads\/articles\/b61f9876.jpg\" rel=\"prettyPhoto[phpmelody]\"><\/a><a href=\"http:\/\/demetnu.nl\/uploads\/articles\/7e03d01e.jpg\" rel=\"prettyPhoto[phpmelody]\"><\/a><\/p>\n","protected":false},"excerpt":{"rendered":"<p>IOT Genel Y\u00f6netim Kurulu\u2019nun 22 \u015eubat 2013 tarihinde yap\u0131lan toplant\u0131s\u0131nda,&nbsp; Emre \u00dcnver (31) ba\u015fkan se\u00e7ildi. G\u00f6rev s\u00fcresinin dolmas\u0131 nedeniyle ba\u015fkanl\u0131ktan ayr\u0131lan Ayd\u0131n Akkaya\u2019n\u0131n yerine se\u00e7ilen Emre \u00dcnver, 2009 y\u0131l\u0131ndan beri HT\u0130B ad\u0131na IOT Y\u00f6netim Kurulu\u2019nda g\u00f6rev yap\u0131yor. &nbsp;Se\u00e7ildikten sonra bir konu\u015fma yapan Emre \u00dcnver, &nbsp;kendisine duyulan g\u00fcvenden dolay\u0131 t\u00fcm \u00fcyelere te\u015fekk\u00fcr etti. Ayd\u0131n Akkaya\u2019n\u0131n g\u00f6revde [&hellip;]<\/p>\n","protected":false},"author":1,"featured_media":0,"comment_status":"closed","ping_status":"open","sticky":false,"template":"","format":"standard","meta":{"fifu_image_url":"","fifu_image_alt":"","footnotes":""},"categories":[2],"tags":[],"class_list":["post-1288","post","type-post","status-publish","format-standard","hentry","category-nieuws-artikelen"],"aioseo_notices":[],"_links":{"self":[{"href":"https:\/\/demet.nl\/index.php?rest_route=\/wp\/v2\/posts\/1288","targetHints":{"allow":["GET"]}}],"collection":[{"href":"https:\/\/demet.nl\/index.php?rest_route=\/wp\/v2\/posts"}],"about":[{"href":"https:\/\/demet.nl\/index.php?rest_route=\/wp\/v2\/types\/post"}],"author":[{"embeddable":true,"href":"https:\/\/demet.nl\/index.php?rest_route=\/wp\/v2\/users\/1"}],"replies":[{"embeddable":true,"href":"https:\/\/demet.nl\/index.php?rest_route=%2Fwp%2Fv2%2Fcomments&post=1288"}],"version-history":[{"count":0,"href":"https:\/\/demet.nl\/index.php?rest_route=\/wp\/v2\/posts\/1288\/revisions"}],"wp:attachment":[{"href":"https:\/\/demet.nl\/index.php?rest_route=%2Fwp%2Fv2%2Fmedia&parent=1288"}],"wp:term":[{"taxonomy":"category","embeddable":true,"href":"https:\/\/demet.nl\/index.php?rest_route=%2Fwp%2Fv2%2Fcategories&post=1288"},{"taxonomy":"post_tag","embeddable":true,"href":"https:\/\/demet.nl\/index.php?rest_route=%2Fwp%2Fv2%2Ftags&post=1288"}],"curies":[{"name":"wp","href":"https:\/\/api.w.org\/{rel}","templated":true}]}}