{"id":3224,"date":"2014-10-14T14:29:17","date_gmt":"2014-10-14T14:29:17","guid":{"rendered":""},"modified":"2014-10-14T14:29:17","modified_gmt":"2014-10-14T14:29:17","slug":"","status":"publish","type":"post","link":"https:\/\/demet.nl\/?p=3224","title":{"rendered":"&#8216;Turkije moet Nederlandse scheidingen erkennen&#8217;"},"content":{"rendered":"<p><span style=\"font-size: 14px;\"><a href=\"\/uploads\/articles\/43ca900c.jpg\" rel=\"prettyPhoto[phpmelody]\"><img loading=\"lazy\" decoding=\"async\" src=\"\/uploads\/articles\/43ca900c.jpg\" alt=\"\" width=\"500\" height=\"277\" border=\"0\" hspace=\"-1\" vspace=\"0\" \/><\/a>Turkse-Nederlanders die in Nederland scheiden, moeten apart ook nog eens voor de Turkse wet scheiden. Turkije erkent de scheiding dat door de Nederlandse rechter wordt uitgesproken niet en dat brengt veel problemen met zich mee. Dat zegt advocaat Ejder Kose, lid van een groep vooraanstaande Turken die problemen van Turkse Nederlanders aan Turkse autoriteiten doorgeven om tot oplossingen te komen.<\/span><\/p>\n<p><span style=\"font-size: 14px;\">Kose heeft de Turkse regering gevraagd om het voorbeeld van Nederland te volgen als het gaat om het erkennen van scheidingen in het buitenland. &lsquo;Als Nederlandse stellen in het buitenland scheiden, dan erkent Nederland deze buitenlandse scheiding wel&rsquo; wat veel ellende kan voorkomen, aldus Kose.<\/span><\/p>\n<p><span style=\"font-size: 14px;\">Nu moeten Turken na hun scheiding in Nederland, ook apart voor de Turkse wet scheiden. De procedures hiervoor kunnen oplopen tot enkele jaren, &lsquo;waardoor de gescheiden stellen in de tussentijd wettelijk niet kunnen hertrouwen met een ander&rsquo;. Ook kinderen worden volgens de advocaat de dupe van hiervan. In de praktijk komt het vaak voor dat kinderen die op de wereld komen van een tweede huwelijk automatisch op naam van het eerste huwelijk komen te staan. Dit komt omdat de stellen voor de Turkse wet nog niet gescheiden zijn en daarom ook niet kunnen trouwen met hun tweede partner. <\/span><\/p>\n<p><span style=\"font-size: 14px;\">&copy; Demet TV<\/span><\/p>\n<p><span style=\"font-size: 14px;\">Lees hieronder de brief aan de Turkse regering. (Enkel in het Turks beschikbaar)<\/span><br \/><span style=\"font-size: 14px;\">&#8212;&#8212;&#8212;&#8212;<\/span><\/p>\n<p>&nbsp;<\/p>\n<p><span style=\"font-size: 14px;\">T.C. BA\u015eBAKANLIK<\/span><br \/><span style=\"font-size: 14px;\">Yurtd\u0131\u015f\u0131 T&uuml;rkler ve Akraba Topluluklar Ba\u015fkanl\u0131\u011f\u0131<\/span><br \/><span style=\"font-size: 14px;\">O\u011fuzlar Mah. Mevlana Bulvar\u0131 No. 145<\/span><br \/><span style=\"font-size: 14px;\">P.K. 06520 BALGAT-ANKARA-T&Uuml;RK\u0130YE<\/span><br \/><span style=\"font-size: 14px;\">Yurtd\u0131\u015f\u0131 Vatanda\u015flar Dan\u0131\u015fma Kurulu Sekreterli\u011fi<\/span><\/p>\n<p><span style=\"font-size: 14px;\">&nbsp;<\/span><\/p>\n<p><span style=\"font-size: 14px;\">Rotterdam, 24 \/ 09 \/ 2014<\/span><\/p>\n<p><span style=\"font-size: 14px;\">Konu&nbsp;&nbsp;&nbsp;&nbsp;&nbsp;&nbsp;&nbsp; : Kurul toplant\u0131s\u0131n\u0131n g&uuml;ndemine al\u0131nmas\u0131 i&ccedil;in &ouml;neri<\/span><\/p>\n<p><span style=\"font-size: 14px;\">Say\u0131n Ba\u015fbakan\u0131m\u0131z Prof. Dr. Ahmet DAVUTO\u011eLU,<\/span><br \/><span style=\"font-size: 14px;\">Say\u0131n Ba\u015fbakan Yard\u0131mc\u0131m\u0131z Prof. Dr. Numan KURTULMU\u015e,<\/span><br \/><span style=\"font-size: 14px;\">Sayin Ba\u015fkanimiz Do&ccedil;. Dr. Kudret B&Uuml;LB&Uuml;L,<\/span><\/p>\n<p><span style=\"font-size: 14px;\">5978 say\u0131l\u0131 yasan\u0131n 17. maddesine g&ouml;re olu\u015fturulan Yurtd\u0131\u015f\u0131 Vatanda\u015flar Dan\u0131\u015fma Kurulu&rsquo;nun belirlenen g&ouml;revlerinden en temeli &lsquo;yurtd\u0131\u015f\u0131nda ya\u015fayan T&uuml;rk vatanda\u015flar\u0131n\u0131n sorunlar\u0131n\u0131n tespiti ve yap\u0131lacak &ccedil;al\u0131\u015fmalar\u0131n koordinasyonu ile ilgili &ouml;nerilerde bulunmakt\u0131r.&rsquo;<\/span><\/p>\n<p><span style=\"font-size: 14px;\">24 Aral\u0131k 2010 tarihli ve 27795 say\u0131l\u0131 Resmi Gazete&rsquo;de yay\u0131nlanan Yurtd\u0131\u015f\u0131 Vatanda\u015flar Dan\u0131\u015fma Kurulu&rsquo;nun &Ccedil;al\u0131\u015fma Usul ve Esaslar\u0131 Hakk\u0131ndaki Y&ouml;netmeli\u011finin 9&rsquo;uncu maddesinin &uuml;&ccedil;&uuml;nc&uuml; f\u0131kras\u0131na dayanarak, gelecek ilk Kurul toplant\u0131s\u0131n\u0131n g&uuml;ndemine al\u0131nmas\u0131 i&ccedil;in alttaki &ouml;nerilerde bulunmak istiyorum.<\/span><\/p>\n<p><span style=\"font-size: 14px;\">Hollanda&#8217;n\u0131n &ccedil;e\u015fitli b&ouml;lgelerinde T&uuml;rk Sivil Toplum Kurulu\u015flar\u0131 ile yapt\u0131\u011f\u0131m isti\u015farelerde, kat\u0131ld\u0131\u011f\u0131m etkinliklerde, bulundu\u011fum topluluklarda ve takip etti\u011fim davalarda kar\u015f\u0131la\u015ft\u0131\u011f\u0131m T&uuml;rk toplumunun\/diasporanin ma\u011fduriyetine sebep olan bir hususu sizinle payla\u015fmak istiyorum.<\/span><\/p>\n<p><span style=\"font-size: 14px;\">Yurtd\u0131\u015f\u0131ndaki &ldquo;Bo\u015fanma&rdquo; Kararlar\u0131n\u0131n T&uuml;rkiye&rsquo;de Tan\u0131nmas\u0131 ve Tenfizi<\/span><\/p>\n<p><span style=\"font-size: 14px;\">Yurtd\u0131\u015f\u0131nda al\u0131nan bo\u015fanma kararlar\u0131n\u0131n T&uuml;rkiye&rsquo;de ge&ccedil;erlilik kazanmas\u0131 s&uuml;reci vatanda\u015flar\u0131m\u0131z\u0131n ma\u011fduriyetine sebep olmaktad\u0131r. &Uuml;lkemizde &ldquo;tan\u0131ma ve tenfiz&rdquo; davalar\u0131nda, b&uuml;t&uuml;n \u015fartlar olu\u015fmu\u015fsa dahi taraflara tebligat \u015fart\u0131 bulunmaktad\u0131r ve taraflardan birinin ba\u015fka bir &uuml;lkede ikamet etmesi durumunda bu tebligat prosed&uuml;r&uuml; aylar hatta y\u0131llar s&uuml;rebilmektedir. Bu s&uuml;recin uzamas\u0131 davan\u0131n neticelenmesini tamamen usuli sebeplerle geciktirmekte, yurtd\u0131\u015f\u0131nda al\u0131nan kesin h&uuml;k&uuml;mlerin &uuml;lkemizde ge&ccedil;erlilik kazanmas\u0131n\u0131 zorla\u015ft\u0131rmaktad\u0131r. Kald\u0131 ki kanunda say\u0131l\u0131 \u015fartlar ger&ccedil;ekle\u015ftikten sonra kendisine tebligat\u0131n ula\u015fmas\u0131 beklenen taraf itiraz etse bile bu durum dava sonucunu de\u011fi\u015ftirmemektedir. Bu uzun s&uuml;re&ccedil;ten &ccedil;ekinen veya dava i&ccedil;in masraf yapamayacak durumda olan vatanda\u015flar\u0131m\u0131z ise bazen tan\u0131ma ve tenfiz davalar\u0131na hi&ccedil; ba\u015fvurmamaktad\u0131r.<\/span><\/p>\n<p><span style=\"font-size: 14px;\">Uygulamada yurtd\u0131\u015f\u0131nda bo\u015fanan birinin, bu kararla ilgili tan\u0131ma, tenfiz s&uuml;reci devam ederken tekrar ba\u015fka biriyle evlenmesi olduk&ccedil;a s\u0131k kar\u015f\u0131la\u015f\u0131lan bir durumdur. Bu gibi durumlarda, bo\u015fanma karar\u0131 &uuml;lkemizde ge&ccedil;erlilik kazanmad\u0131\u011f\u0131 i&ccedil;in yeni e\u015finden olan &ccedil;ocuklar\u0131 n&uuml;fusta eski e\u015fi ad\u0131na kaydedilmekte ve kar\u0131\u015f\u0131kl\u0131\u011fa, vatanda\u015flar\u0131m\u0131z\u0131n ma\u011fduriyetine sebep olmaktad\u0131r.<\/span><\/p>\n<p><span style=\"font-size: 14px;\">Yurtd\u0131\u015f\u0131nda bo\u015fan\u0131p &uuml;lkemize kesin d&ouml;n&uuml;\u015f yapan vatanda\u015flar\u0131m\u0131z da farkl\u0131 bir \u015fekilde ma\u011fdur olmaktad\u0131r. \u015e&ouml;yle ki yurtd\u0131\u015f\u0131ndaki bo\u015fanma karar\u0131 &uuml;lkemizde ge&ccedil;erli olmad\u0131\u011f\u0131 i&ccedil;in vatanda\u015flar\u0131m\u0131z tekrar evlenme niyetinde olsalar dahi resmi olarak evli g&ouml;r&uuml;ld&uuml;kleri i&ccedil;in evlenememektedir. Tan\u0131ma ve tenfiz s&uuml;recine ba\u015fvuran vatanda\u015flar\u0131m\u0131z evliliklerini y\u0131llarca ertelemek zorunda kalmaktad\u0131r.<\/span><\/p>\n<p><span style=\"font-size: 14px;\">Yurtd\u0131\u015f\u0131nda al\u0131nan bo\u015fanma kararlar\u0131n\u0131n &ccedil;e\u015fitli sebeplerle &uuml;lkemizde tan\u0131ma ve tenfiz davalar\u0131na konu edilmemesi veya edilmesine ra\u011fmen s&uuml;recin uzun s&uuml;rmesi miras hukukunda da kar\u0131\u015f\u0131kl\u0131\u011fa sebep olmaktad\u0131r. Bo\u015fanma karar\u0131n\u0131n &uuml;lkemizde kesin h&uuml;k&uuml;m te\u015fkil etmemesi sebebiyle eski e\u015f, bo\u015fand\u0131\u011f\u0131 e\u015finin vefat\u0131 durumunda n&uuml;fus kay\u0131tlar\u0131nda halen kanuni miras&ccedil;\u0131 olarak g&ouml;r&uuml;lmektedir.<\/span><\/p>\n<p><span style=\"font-size: 14px;\">Vatanda\u015flar\u0131m\u0131z\u0131n bahsetti\u011fimiz ma\u011fduriyetlerinin &ouml;n&uuml;ne ge&ccedil;mek i&ccedil;in bu s&uuml;reci k\u0131saltmak zaruriyeti bulunmaktad\u0131r. &Uuml;lkemizdeki uygulamaya alternatif olarak Hollanda hukukundaki uygulama g&ouml;sterilebilir. Farkl\u0131 &uuml;lkelerde al\u0131nan kesinle\u015fmi\u015f bo\u015fanma kararlar\u0131, belediyelerce incelenmek suretiyle onaylanarak &ldquo;idari bir i\u015flemle&rdquo; Hollanda i&ccedil; hukukunda da ge&ccedil;erlilik kazanmaktad\u0131r. B&ouml;ylece bo\u015fanma kararlar\u0131n\u0131n ge&ccedil;erlili\u011fi talebi &ccedil;ok k\u0131sa bir s&uuml;rede neticelenmekte, insanlar\u0131n ma\u011fduriyeti ortadan kald\u0131r\u0131lmaktad\u0131r. Bu durum mahkemelerdeki gereksiz i\u015f y&uuml;k&uuml;n&uuml;n &ouml;n&uuml;ne ge&ccedil;mekte, zaman ve para kayb\u0131n\u0131 engellemektedir. Belediyeler, ba\u015fvuruda bir eksiklik tespit etmeleri durumunda &ldquo;ret&rdquo; karar\u0131 vermekte, tan\u0131ma, tenfiz talebi ancak bu durumda mahkemeye intikal etmektedir.<\/span><\/p>\n<p><span style=\"font-size: 14px;\">Bir ba\u015fka alternatif ise &uuml;lkemizdeki miras&ccedil;\u0131l\u0131k belgesinin al\u0131nmas\u0131 s&uuml;recidir. T&uuml;rkiye&rsquo;de gereksiz yere mahkemeleri me\u015fgul edip, vakit kayb\u0131na sebep olan miras&ccedil;\u0131l\u0131k belgeleri &ouml;nceleri sadece Sulh Hukuk Mahkemelerinden al\u0131nabiliyorken, 31.03.2011 tarih ve 6217 say\u0131l\u0131 kanunun 19. maddesiyle Medeni Kanun&rsquo;da yap\u0131lan de\u011fi\u015fiklikle art\u0131k noterlerden de al\u0131nabilmektedir. Bu durum Sulh Hukuk Mahkemelerinin i\u015f y&uuml;k&uuml;n&uuml; azaltt\u0131\u011f\u0131 gibi s&uuml;reci h\u0131zland\u0131rm\u0131\u015f vatanda\u015flar\u0131m\u0131z\u0131n taleplerinin daha &ccedil;abuk kar\u015f\u0131lanmas\u0131 sa\u011flam\u0131\u015ft\u0131r.<\/span><\/p>\n<p><span style=\"font-size: 14px;\">Kesinle\u015fmi\u015f bulunan bo\u015fanma kararlar\u0131yla ilgili a&ccedil;\u0131lan tan\u0131ma ve tenfiz davalar\u0131n\u0131n neredeyse tamam\u0131 olumlu sonu&ccedil;lanmaktad\u0131r. Fakat ba\u015fta tebligat i\u015fleminin uzun s&uuml;rmesi olmak &uuml;zere &ccedil;e\u015fitli sebeplerden &ouml;t&uuml;r&uuml; bu s&uuml;re&ccedil; yava\u015f ilerlemekte bazen ilgiliye tebligat yap\u0131lamamas\u0131 sebebiyle neticelenmemektedir.<\/span><\/p>\n<p><span style=\"font-size: 14px;\">Yukar\u0131da bahsetti\u011fim Hollanda i&ccedil; hukukundaki tan\u0131ma prosed&uuml;r&uuml;ne veya &uuml;lkemizde miras&ccedil;\u0131l\u0131k belgelerinin temin edilmesinde art\u0131k noterlerin de yetkili k\u0131l\u0131nmas\u0131na paralel olarak bo\u015fanma kararlar\u0131n\u0131n tan\u0131nmas\u0131 ve tenfizi i&ccedil;in &uuml;lkemizde belediyeler, n&uuml;fus idareleri veya noterler g&ouml;revlendirilebilir. Ba\u015fvuruda eksiklik bulunmas\u0131 veya tan\u0131ma karar\u0131n\u0131n ciddi bir muhakeme s&uuml;recini gerektirmesi durumunda yetkili k\u0131l\u0131nan kurumlar ret karar\u0131 vererek olay\u0131n yine mahkemelere intikalini sa\u011flayabilir. B&ouml;ylece gerekli \u015fartlar\u0131 ta\u015f\u0131yan bo\u015fanma kararlar\u0131 k\u0131sa s&uuml;rede &uuml;lkemizde ge&ccedil;erlilik kazanacak, eksiklik bulunan kararlar ise mahkemelerce de\u011ferlendirilecek, b&ouml;ylece adaletin h\u0131zl\u0131 ve sa\u011fl\u0131kl\u0131 bir \u015fekilde ger&ccedil;ekle\u015fmesi sa\u011flanacakt\u0131r.<\/span><\/p>\n<p><span style=\"font-size: 14px;\">Yurtd\u0131\u015f\u0131 Vatanda\u015flar Dan\u0131\u015fma Kurulu &uuml;yesi olarak yukarda belirtti\u011fim hususlar\u0131 sizlere iletmeyi bir g&ouml;rev olarak g&ouml;rd&uuml;\u011f&uuml;m&uuml; de belirtmek isterim. Ayr\u0131ca tan\u0131ma ve tenfiz davalar\u0131 i&ccedil;in bahsetti\u011fim &ouml;neriler uygun bulunarak ger&ccedil;ekle\u015ftirilirse vatanda\u015flar\u0131m\u0131z b&uuml;y&uuml;k bir memnuniyet duyacak, &uuml;lkemizdeki mahkemelerin i\u015f y&uuml;k&uuml; azalacak, para ve zaman kayb\u0131n\u0131n da &ouml;n&uuml;ne ge&ccedil;ilecektir.<\/span><\/p>\n<p><span style=\"font-size: 14px;\">B&ouml;ylesi bir geli\u015fme, Hollanda ve Avrupa genelinde ya\u015fayan T&uuml;rk toplumuna &ccedil;ok b&uuml;y&uuml;k bir kolayl\u0131k sa\u011flayacakt\u0131r.<\/span><\/p>\n<p><span style=\"font-size: 14px;\">En derin sayg\u0131lar\u0131mla,&nbsp;&nbsp;&nbsp;&nbsp;<\/span><\/p>\n<p><span style=\"font-size: 14px;\">&nbsp;<\/span><\/p>\n<p><span style=\"font-size: 14px;\">Av. Ejder K&ouml;se<\/span><br \/><span style=\"font-size: 14px;\">Hollanda YVDK &uuml;yesi<\/span><\/p>\n<p>&nbsp;<\/p>\n","protected":false},"excerpt":{"rendered":"<p>Turkse-Nederlanders die in Nederland scheiden, moeten apart ook nog eens voor de Turkse wet scheiden. Turkije erkent de scheiding dat door de Nederlandse rechter wordt uitgesproken niet en dat brengt veel problemen met zich mee. Dat zegt advocaat Ejder Kose, lid van een groep vooraanstaande Turken die problemen van Turkse Nederlanders aan Turkse autoriteiten doorgeven [&hellip;]<\/p>\n","protected":false},"author":1,"featured_media":0,"comment_status":"closed","ping_status":"open","sticky":false,"template":"","format":"standard","meta":{"fifu_image_url":"","fifu_image_alt":"","footnotes":""},"categories":[2],"tags":[],"class_list":["post-3224","post","type-post","status-publish","format-standard","hentry","category-nieuws-artikelen"],"aioseo_notices":[],"_links":{"self":[{"href":"https:\/\/demet.nl\/index.php?rest_route=\/wp\/v2\/posts\/3224","targetHints":{"allow":["GET"]}}],"collection":[{"href":"https:\/\/demet.nl\/index.php?rest_route=\/wp\/v2\/posts"}],"about":[{"href":"https:\/\/demet.nl\/index.php?rest_route=\/wp\/v2\/types\/post"}],"author":[{"embeddable":true,"href":"https:\/\/demet.nl\/index.php?rest_route=\/wp\/v2\/users\/1"}],"replies":[{"embeddable":true,"href":"https:\/\/demet.nl\/index.php?rest_route=%2Fwp%2Fv2%2Fcomments&post=3224"}],"version-history":[{"count":0,"href":"https:\/\/demet.nl\/index.php?rest_route=\/wp\/v2\/posts\/3224\/revisions"}],"wp:attachment":[{"href":"https:\/\/demet.nl\/index.php?rest_route=%2Fwp%2Fv2%2Fmedia&parent=3224"}],"wp:term":[{"taxonomy":"category","embeddable":true,"href":"https:\/\/demet.nl\/index.php?rest_route=%2Fwp%2Fv2%2Fcategories&post=3224"},{"taxonomy":"post_tag","embeddable":true,"href":"https:\/\/demet.nl\/index.php?rest_route=%2Fwp%2Fv2%2Ftags&post=3224"}],"curies":[{"name":"wp","href":"https:\/\/api.w.org\/{rel}","templated":true}]}}