{"id":477,"date":"2012-04-18T14:47:20","date_gmt":"2012-04-18T14:47:20","guid":{"rendered":""},"modified":"2012-04-18T14:47:20","modified_gmt":"2012-04-18T14:47:20","slug":"","status":"publish","type":"post","link":"https:\/\/demet.nl\/?p=477","title":{"rendered":"Spoeddebat Limburg over &#8216;onwaardige&#8217; ontvangst G\u00fcl"},"content":{"rendered":"<p><a href=\"http:\/\/demetnu.nl\/uploads\/articles\/d93dfbba.jpg\" rel=\"prettyPhoto[phpmelody]\"><img loading=\"lazy\" decoding=\"async\" style=\"width: 344px; height: 232px;\" border=\"0\" hspace=\"-1\" alt=\"\" vspace=\"0\" src=\"http:\/\/demetnu.nl\/uploads\/articles\/d93dfbba.jpg\" width=\"462\" height=\"346\"><\/a><\/p>\n<p><font face=\"Arial\">De Provinciale Staten in Limburg houden vrijdagochtend een spoeddebat over de &#8216;onfatsoenlijke&#8217; ontvangst van de Turkse president Abdullah G\u00fcl en koningin Beatrix. De PvdA en de SP vinden dat de twee PVV-gedeputeerden Limburg te kijk hebben gezet toen ze aankondigden donderdag niet aanwezig te zijn bij een lunch met de gasten.<\/font><\/p>\n<p><font face=\"Arial\">Inmiddels hebben de gedeputeerden laten weten wel bij de lunch te willen zijn. &#8220;Dit is in strijd met alle fatsoensnormen&#8221;, zegt PvdA-Statenlid Sel\u00e7uk \u00d6zt\u00fcrk. &#8220;Eerst zeggen ze er wel bij te zijn, dan weer niet. Het bestuur moet niet vergeten dat het er voor alle Limburgers is en niet alleen voor de PVV-stemmers.&#8221;<\/font><\/p>\n<p><font face=\"Arial\">Het gewijfel is volgens \u00d6zt\u00fcrk niet goed voor het imago van Limburg. &#8220;Dit staat niet netjes als iemand vierhonderd jaar betrekkingen komt vieren. Dit mag niet meer gebeuren.&#8221;<\/font><\/p>\n<p><font face=\"Arial\">Het besluit van de PVV-gedeputeerden om toch bij de lunch te zijn stuitte dinsdag op fel verzet van de eigen fractie. Fractievoorzitter Laurence Stassen noemde deelname aan de lunch uitgesloten vanwege &#8216;alles wat G\u00fcl over de PVV heeft gezegd&#8217;. De gedeputeerden trekken zich hier niets van aan en gaan toch.<\/font><\/p>\n<p><font face=\"Arial\">PVV-leider Geert Wilders heeft zich van meet af aan tegen het bezoek van G\u00fcl verzet. In november schreef hij in een opiniestuk in de Volkskrant dat er niets te vieren valt. &#8220;Het islamitische regime van G\u00fcl en zijn partijgenoot, de Turkse premier Erdogan, is geen waarachtige vriend van het Westen en dus ook niet van Nederland.&#8221;<\/font><\/p>\n<p><font face=\"Arial\">G\u00fcl noemde Wilders zaterdag in een interview in De Telegraaf &#8216;een islamofoob die een extreem geluid verkondigt dat radicalen voedt&#8217;. Wilders haalde daarop fel uit. Hij maakte hem uit voor christenpester, Koerden-mepper, Hamas-vriend en islamist. De Turkse president is sinds dinsdag in Nederland voor een driedaags staatsbezoek.<\/font><\/p>\n<p><span id=\"ctl00_ContentPlaceHolder1_DetailsViewItem_Label5\" class=\"text-content\">18 april 2012, 13:50<\/span><br \/>\u00a9novum<\/p>\n<p>&nbsp;<\/p>\n<p>&nbsp;<\/p>\n<p><a href=\"http:\/\/demetnu.nl\/uploads\/articles\/d93dfbba.jpg\" rel=\"prettyPhoto[phpmelody]\"><\/a><\/p>\n","protected":false},"excerpt":{"rendered":"<p>De Provinciale Staten in Limburg houden vrijdagochtend een spoeddebat over de &#8216;onfatsoenlijke&#8217; ontvangst van de Turkse president Abdullah G\u00fcl en koningin Beatrix. De PvdA en de SP vinden dat de twee PVV-gedeputeerden Limburg te kijk hebben gezet toen ze aankondigden donderdag niet aanwezig te zijn bij een lunch met de gasten. Inmiddels hebben de gedeputeerden [&hellip;]<\/p>\n","protected":false},"author":1,"featured_media":0,"comment_status":"closed","ping_status":"open","sticky":false,"template":"","format":"standard","meta":{"fifu_image_url":"","fifu_image_alt":"","footnotes":""},"categories":[2],"tags":[],"class_list":["post-477","post","type-post","status-publish","format-standard","hentry","category-nieuws-artikelen"],"aioseo_notices":[],"_links":{"self":[{"href":"https:\/\/demet.nl\/index.php?rest_route=\/wp\/v2\/posts\/477","targetHints":{"allow":["GET"]}}],"collection":[{"href":"https:\/\/demet.nl\/index.php?rest_route=\/wp\/v2\/posts"}],"about":[{"href":"https:\/\/demet.nl\/index.php?rest_route=\/wp\/v2\/types\/post"}],"author":[{"embeddable":true,"href":"https:\/\/demet.nl\/index.php?rest_route=\/wp\/v2\/users\/1"}],"replies":[{"embeddable":true,"href":"https:\/\/demet.nl\/index.php?rest_route=%2Fwp%2Fv2%2Fcomments&post=477"}],"version-history":[{"count":0,"href":"https:\/\/demet.nl\/index.php?rest_route=\/wp\/v2\/posts\/477\/revisions"}],"wp:attachment":[{"href":"https:\/\/demet.nl\/index.php?rest_route=%2Fwp%2Fv2%2Fmedia&parent=477"}],"wp:term":[{"taxonomy":"category","embeddable":true,"href":"https:\/\/demet.nl\/index.php?rest_route=%2Fwp%2Fv2%2Fcategories&post=477"},{"taxonomy":"post_tag","embeddable":true,"href":"https:\/\/demet.nl\/index.php?rest_route=%2Fwp%2Fv2%2Ftags&post=477"}],"curies":[{"name":"wp","href":"https:\/\/api.w.org\/{rel}","templated":true}]}}