{"id":4932,"date":"2016-02-15T15:29:23","date_gmt":"2016-02-15T15:29:23","guid":{"rendered":""},"modified":"2016-02-15T15:29:23","modified_gmt":"2016-02-15T15:29:23","slug":"","status":"publish","type":"post","link":"https:\/\/demet.nl\/?p=4932","title":{"rendered":"Inspraakorgaan Turken: Taaleis bijstand is discriminatie"},"content":{"rendered":"<p><span style=\"font-size: 14px; line-height: 1.5em;\"><a href=\"\/uploads\/articles\/0ed9d321.jpg\" rel=\"prettyPhoto[phpmelody]\"><img loading=\"lazy\" decoding=\"async\" src=\"\/uploads\/articles\/0ed9d321.jpg\" alt=\"\" width=\"500\" height=\"277\" border=\"0\" hspace=\"\" vspace=\"\" \/><\/a>Het Inspraakorgaan Turken (IOT) vindt de taaleis die vanaf 1 januari 2016 geldig is voor mensen met een uitkering discriminerend. Dat laat het IOT zojuist aan Demet TV weten.<\/span><\/p>\n<p><span style=\"font-size: 14px;\">IOT: &ldquo;De wetswijziging (WWB) die vorig jaar is aangenomen eist van mensen met een uitkering dat zij de Nederlandse taal voldoende machtig zijn. Mensen die de taal niet voldoende beheersen zullen aanvankelijk 20 procent worden gekort. Daarna kan de uitkering helemaal worden stop gezet. Volgens de nieuwe wet moeten mensen of een inburgeringsdiploma hebben of in Nederland minimaal 8 jaar onderwijs hebben gevolgd.&rdquo;<\/span><\/p>\n<p><span style=\"font-size: 14px;\">Voor deze mensen is het nog wel mogelijk om alsnog Nederlands te leren om zo te voorkomen dat zij worden gekort op hun uitkering. Wel moeten zij de kosten hiervan zelf betalen. &ldquo;De wet is ook geldig voor Nederlanders die analfabeet of laag opgeleid zijn. Maar de kosten voor bijscholing van deze mensen worden door de gemeenten vergoed. Daarom hebben wij deze wet aangekaart bij de Europese Commissie.&rdquo;<\/span><\/p>\n<p><span style=\"font-size: 14px;\">Het Inspraakorgaan Turken wacht de uitkomst van hun klacht nog af. Wel roepen zij mensen die gekort worden op om contact met het IOT op te nemen.<\/span><span style=\"font-size: 14px; line-height: 1.5em;\">&nbsp;<\/span><\/p>\n<p><span style=\"font-size: 14px;\">15-02-2016 &copy; Demet TV<\/span><\/p>\n<p><span style=\"font-size: 14px; line-height: 1.5em;\">&nbsp;<\/span><\/p>\n<p><span style=\"font-size: 14px;\">Lees hieronder in het Turks:<\/span><span style=\"font-size: 14px; line-height: 1.5em;\">&nbsp;<\/span><\/p>\n<p><span style=\"font-size: 14px;\">1 Ocak 2016 tarihinden itibaren asgari ge&ccedil;im yard\u0131m &ouml;dene\u011fi (bijstand) i&ccedil;in ba\u015fvuranlarda, Hollandaca bilme ko\u015fulu aran\u0131yor. Halen ge&ccedil;im yard\u0131m &ouml;dene\u011fi alanlar i&ccedil;in ise bu zorunluluk, 1 Temmuz 2016 tarihinden itibaren ge&ccedil;erli olacak. Ge&ccedil;en y\u0131l \u0130\u015f ve Ge&ccedil;im Yasas\u0131nda (WWB) yap\u0131lan de\u011fi\u015fikli\u011fe g&ouml;re, yeterli Hollandaca bilmeyenlerin &ouml;denekleri a\u015famal\u0131 olarak &ouml;nce y&uuml;zde 20 d&uuml;\u015f&uuml;r&uuml;lecek, daha sonra ise tamamen durdurulabilecek. Yasa, asgari ge&ccedil;im yard\u0131m &ouml;dene\u011fi alacaklar\u0131n uyum diplomas\u0131 veya Hollanda&rsquo;dan ba\u015fka bir okul diplomas\u0131 olmas\u0131n\u0131 zorunlu k\u0131l\u0131yor. Hollanda&rsquo;da 8 y\u0131l bir okulda e\u011fitim alanlar ise bu zorunluluktan muaf tutuluyorlar.&nbsp; Hollanda&rsquo;da zorunlu temel e\u011fitim nedeniyle, yasadan sadece yabanc\u0131lar etkilenecek.<\/span><\/p>\n<p><span style=\"font-size: 14px;\">Dil d&uuml;zeyi yeterli olmayan g&ouml;&ccedil;menler,&nbsp; paras\u0131n\u0131 kendileri kar\u015f\u0131lamak &uuml;zere, Hollandaca dil kursuna giderek, &ouml;deneklerinde kesinti yap\u0131lmas\u0131n\u0131 &ouml;nleyebilecekler. Dil ko\u015fulu, okuma yazmas\u0131 olmayan veya d&uuml;\u015f&uuml;k e\u011fitimli yerli Hollandal\u0131lar i&ccedil;in de ge&ccedil;erli. Ancak, onlar\u0131n e\u011fitim masraflar\u0131 belediye taraf\u0131ndan kar\u015f\u0131lan\u0131yor.<\/span><\/p>\n<p><span style=\"font-size: 14px;\">Bu nedenle Hollanda&rsquo;da T&uuml;rkler \u0130&ccedil;in Dan\u0131\u015fma Kurulu (IOT) olarak, bu yasan\u0131n ayr\u0131mc\u0131 bir uygulama oldu\u011funu d&uuml;\u015f&uuml;n&uuml;yoruz. Bu kapsamda ge&ccedil;en y\u0131l yasa de\u011fikli\u011finin \u0130kinci Mecliste kabul edilmesinden hemen sonra, Avrupa Komisyonuna \u015fikayet ba\u015fvurusunda bulunduk. Ba\u015fvuru s&uuml;reci devam ediyor ve&nbsp; uygulamadan olumsuz etkilenenlerin, zararlar\u0131n\u0131 geri almalar\u0131 m&uuml;mk&uuml;n olabilir.<\/span><\/p>\n<p><span style=\"font-size: 14px;\"><strong>&nbsp;<\/strong><\/span><\/p>\n<p><span style=\"font-size: 14px;\"><strong>Ma\u011fdurlar IOT&rsquo;ye ba\u015fvurabilirler!<\/strong><\/span><\/p>\n<p><span style=\"font-size: 14px;\">Bu uygulamadan olumsuz etkilenen ma\u011fdurlar\u0131 IOT&rsquo;ye ba\u015fvurmaya davet ediyoruz. Uzmanlarla birlikte ki\u015filerin durumlar\u0131n\u0131 inceleyerek, hukuku giri\u015fimlere gerek olup olmad\u0131\u011f\u0131n\u0131 de\u011ferlendirece\u011fiz.<\/span><\/p>\n<p><span style=\"font-size: 14px;\">Yabanc\u0131lar\u0131n Hollandaca &ouml;\u011frenmeleri elbette iyi olur. Ancak, asgari ge&ccedil;im yard\u0131m &ouml;dene\u011fi ile ge&ccedil;inmek zorunda kalanlar aras\u0131nda, yerli yabanc\u0131 ayr\u0131m\u0131 yap\u0131lmas\u0131na kar\u015f\u0131 &ccedil;\u0131k\u0131yoruz. Gerekli durumlarda Hollandaca dil kursu takip edilmesine &lsquo;Evet&rsquo; diyoruz, bunu yaparken, ki\u015filerin durumuna g&ouml;re de\u011ferlendirme yap\u0131lmas\u0131 ve gerekli durumlarda kurs paras\u0131n\u0131n Sosyal Hizmetler (Sociale Dienst) Dairesi taraf\u0131ndan kar\u015f\u0131lanmas\u0131n\u0131 istiyoruz.<\/span><\/p>\n<p><span style=\"font-size: 14px; line-height: 1.5em;\">Emre &Uuml;nver<\/span><\/p>\n<p><span style=\"font-size: 14px;\">IOT Ba\u015fkan\u0131<\/span><\/p>\n","protected":false},"excerpt":{"rendered":"<p>Het Inspraakorgaan Turken (IOT) vindt de taaleis die vanaf 1 januari 2016 geldig is voor mensen met een uitkering discriminerend. Dat laat het IOT zojuist aan Demet TV weten. IOT: &ldquo;De wetswijziging (WWB) die vorig jaar is aangenomen eist van mensen met een uitkering dat zij de Nederlandse taal voldoende machtig zijn. Mensen die de [&hellip;]<\/p>\n","protected":false},"author":1,"featured_media":0,"comment_status":"closed","ping_status":"open","sticky":false,"template":"","format":"standard","meta":{"fifu_image_url":"","fifu_image_alt":"","footnotes":""},"categories":[2],"tags":[],"class_list":["post-4932","post","type-post","status-publish","format-standard","hentry","category-nieuws-artikelen"],"aioseo_notices":[],"_links":{"self":[{"href":"https:\/\/demet.nl\/index.php?rest_route=\/wp\/v2\/posts\/4932","targetHints":{"allow":["GET"]}}],"collection":[{"href":"https:\/\/demet.nl\/index.php?rest_route=\/wp\/v2\/posts"}],"about":[{"href":"https:\/\/demet.nl\/index.php?rest_route=\/wp\/v2\/types\/post"}],"author":[{"embeddable":true,"href":"https:\/\/demet.nl\/index.php?rest_route=\/wp\/v2\/users\/1"}],"replies":[{"embeddable":true,"href":"https:\/\/demet.nl\/index.php?rest_route=%2Fwp%2Fv2%2Fcomments&post=4932"}],"version-history":[{"count":0,"href":"https:\/\/demet.nl\/index.php?rest_route=\/wp\/v2\/posts\/4932\/revisions"}],"wp:attachment":[{"href":"https:\/\/demet.nl\/index.php?rest_route=%2Fwp%2Fv2%2Fmedia&parent=4932"}],"wp:term":[{"taxonomy":"category","embeddable":true,"href":"https:\/\/demet.nl\/index.php?rest_route=%2Fwp%2Fv2%2Fcategories&post=4932"},{"taxonomy":"post_tag","embeddable":true,"href":"https:\/\/demet.nl\/index.php?rest_route=%2Fwp%2Fv2%2Ftags&post=4932"}],"curies":[{"name":"wp","href":"https:\/\/api.w.org\/{rel}","templated":true}]}}