{"id":545,"date":"2012-05-22T11:24:05","date_gmt":"2012-05-22T11:24:05","guid":{"rendered":""},"modified":"2012-05-22T11:24:05","modified_gmt":"2012-05-22T11:24:05","slug":"","status":"publish","type":"post","link":"https:\/\/demet.nl\/?p=545","title":{"rendered":"UETD: Meer Turken op kandidatenlijsten"},"content":{"rendered":"<p style=\"margin: 0cm 0cm 0pt;\" class=\"MsoNormal\"><span style='font-family: \"Verdana\",\"sans-serif\"; font-size: 16pt; mso-bidi-font-family: Arial; mso-ansi-language: NL; mso-fareast-language: NL;'><font size=\"3\" face=\"Arial\"><a href=\"http:\/\/demetnu.nl\/uploads\/articles\/83fa79c5.jpg\" rel=\"prettyPhoto[phpmelody]\"><img loading=\"lazy\" decoding=\"async\" style=\"width: 271px; height: 191px;\" border=\"0\" hspace=\"-1\" alt=\"\" vspace=\"0\" src=\"http:\/\/demetnu.nl\/uploads\/articles\/83fa79c5.jpg\" width=\"413\" height=\"331\"><\/a><\/font><\/span><\/p>\n<p style=\"margin: 0cm 0cm 0pt;\" class=\"MsoNormal\"><span style='font-family: \"Verdana\",\"sans-serif\"; font-size: 16pt; mso-bidi-font-family: Arial; mso-ansi-language: NL; mso-fareast-language: NL;'><font size=\"3\" face=\"Arial\">De Unie van Turkse Democraten (UETD) wil bij de verkiezingen op 12 september meer Turken als kandidaat op de lijsten zien. Dat staat in een brief dat door UETD is geschreven en naar verschillende politieke partijen is gestuurd. <\/font><\/span><\/p>\n<p style=\"margin: 0cm 0cm 0pt;\" class=\"MsoNormal\"><span style='font-family: \"Verdana\",\"sans-serif\"; font-size: 16pt; mso-bidi-font-family: Arial; mso-ansi-language: NL; mso-fareast-language: NL;'><\/span><span style='font-family: \"Verdana\",\"sans-serif\"; font-size: 16pt; mso-bidi-font-family: Arial; mso-ansi-language: NL; mso-fareast-language: NL;'><font size=\"3\" face=\"Arial\"><\/font><\/span>&nbsp;<\/p>\n<p style=\"margin: 0cm 0cm 0pt;\" class=\"MsoNormal\"><span style='font-family: \"Verdana\",\"sans-serif\"; font-size: 16pt; mso-bidi-font-family: Arial; mso-ansi-language: NL; mso-fareast-language: NL;'><font size=\"3\" face=\"Arial\">Hieronder meer tekst en uitleg. Helaas alleen in het Turks.<\/font><\/span><\/p>\n<p style=\"margin: 0cm 0cm 0pt;\" class=\"MsoNormal\"><span style='font-family: \"Verdana\",\"sans-serif\"; font-size: 16pt; mso-bidi-font-family: Arial; mso-ansi-language: NL; mso-fareast-language: NL;'><\/span>&nbsp;<\/p>\n<p style=\"margin: 0cm 0cm 0pt;\" class=\"MsoNormal\"><span style='font-family: \"Verdana\",\"sans-serif\"; font-size: 16pt; mso-bidi-font-family: Arial; mso-ansi-language: NL; mso-fareast-language: NL;'><font size=\"3\" face=\"Arial\"><\/font><\/span> <\/p>\n<p style=\"margin: 0cm 0cm 0pt;\" class=\"MsoNormal\"><b style=\"mso-bidi-font-weight: normal;\"><span style='font-family: \"Verdana\",\"sans-serif\"; font-size: 16pt; mso-bidi-font-family: Arial; mso-ansi-language: NL; mso-fareast-language: NL;'>UETD Hollanda\u2019dan 12 Eyl\u00fcl Se\u00e7im Alarm\u0131&#8230;<?xml:namespace prefix = o ns = \"urn:schemas-microsoft-com:office:office\" \/><o:p><\/o:p><\/span><\/b><\/p>\n<p style=\"margin: 0cm 0cm 0pt;\" class=\"MsoNormal\"><b style=\"mso-bidi-font-weight: normal;\"><span style='font-family: \"Verdana\",\"sans-serif\"; font-size: 16pt; mso-bidi-font-family: Arial; mso-ansi-language: NL; mso-fareast-language: NL;'><o:p> <\/o:p><\/span><\/b><\/p>\n<p style=\"margin: 0cm 0cm 0pt;\" class=\"MsoNormal\"><b style=\"mso-bidi-font-weight: normal;\"><span style='font-family: \"Verdana\",\"sans-serif\"; mso-bidi-font-family: Arial; mso-ansi-language: NL; mso-fareast-language: NL;'>UETD Hollanda, 12 Eyl\u00fcl \u00c7ar\u015famba g\u00fcn\u00fc yap\u0131lacak genel erken se\u00e7imlerinde T\u00fcrk k\u00f6kenli adaylar\u0131n da milletvekili listelerinde yer almas\u0131n\u0131 istedi\u2026 <o:p><\/o:p><\/span><\/b><\/p>\n<p style=\"margin: 0cm 0cm 0pt;\" class=\"MsoNormal\"><span style='color: rgb(69, 69, 69); font-family: \"Verdana\",\"sans-serif\";' lang=\"DE\"><o:p> <\/o:p><\/span><\/p>\n<p style=\"margin: 0cm 0cm 0pt;\" class=\"MsoNormal\"><span style='font-family: \"Verdana\",\"sans-serif\"; font-size: 10pt; mso-bidi-font-family: Arial; mso-ansi-language: NL; mso-fareast-language: NL;'>UETD\u2018Avrupal\u0131 T\u00fcrk Demokratlar Birli\u011fi Hollanda\u2019 Hollanda\u2019daki siyasi partilere; PvdA \u0130\u015fci Partisi, CDA H\u0131ristiyan Demokratlar, VVD Liberal Parti, D66 Demokrat 66 partisi, Groen Links Ye\u015fil Sol, SP Sosyalist Parti ve CU Hiristiyan Birlik Partisi y\u00f6netim kurulu ba\u015fkanl\u0131klar\u0131na birer mektup g\u00f6nderdi. 12 Eyl\u00fcl \u00c7ar\u015famba g\u00fcn\u00fc yap\u0131lacak Milletvekili se\u00e7imleri dolay\u0131siyle g\u00f6nderilen mektubun i\u00e7eri\u011finde a\u015fa\u011f\u0131daki ifadeler yer ald\u0131.<o:p><\/o:p><\/span><\/p>\n<p style=\"margin: 0cm 0cm 0pt;\" class=\"MsoNormal\"><span style='font-family: \"Verdana\",\"sans-serif\"; font-size: 10pt; mso-bidi-font-family: Arial; mso-ansi-language: NL; mso-fareast-language: NL;'><o:p> <\/o:p><\/span><\/p>\n<p style=\"margin: 0cm 0cm 0pt;\" class=\"MsoNormal\"><span style='font-family: \"Verdana\",\"sans-serif\"; font-size: 10pt; mso-bidi-font-family: Arial; mso-ansi-language: NL; mso-fareast-language: NL;'>\u2018UETD, Hollandal\u0131 T\u00fcrklerin siyasi kat\u0131l\u0131m\u0131na \u00f6nem veren bir kurulu\u015ftur. Siyasi kat\u0131l\u0131m\u0131n bir vatanda\u015fl\u0131k hakk\u0131 oldu\u011funa inan\u0131r. UETD i\u00e7in siyasete kat\u0131l\u0131m ayn\u0131 zamanda demokratik de\u011ferlere ve normlara kat\u0131l\u0131m olup sorumluluk da almakt\u0131r. UETD geli\u015fmeleri d\u0131\u015far\u0131dan seyretmek yerine, olaylar\u0131n i\u00e7inde yer almay\u0131 tercih eder. <o:p><\/o:p><\/span><\/p>\n<p style=\"margin: 0cm 0cm 0pt;\" class=\"MsoNormal\"><span style='font-family: \"Verdana\",\"sans-serif\"; font-size: 10pt; mso-bidi-font-family: Arial; mso-ansi-language: NL; mso-fareast-language: NL;'>UETD \u00fclkede etnik bazda bir siyasi olu\u015fumun yerine var olan siyasi mekanizmalarda yer almay\u0131 tercih eder. Bunun geregi olarak da siyasi partilerin sundu\u011fu imkanlar\u0131, partiye \u00fcye olmak, partide \u00e7e\u015fitli g\u00f6revler icra etmek, politika geli\u015ftirilmesine kat\u0131lmak gibi olanaklar\u0131nda kullan\u0131lmas\u0131n\u0131 savunur. Bu yol ise bizim \u00fcyelerimize ve hitap etti\u011fimiz kitleye de siyasi partilerin varolan tecr\u00fcbelerini, bilgilerini ve olanaklar\u0131n\u0131 payla\u015fma \u015fans\u0131 verir. <o:p><\/o:p><\/span><\/p>\n<p style=\"margin: 0cm 0cm 0pt;\" class=\"MsoNormal\"><span style='font-family: \"Verdana\",\"sans-serif\"; font-size: 10pt; mso-bidi-font-family: Arial; mso-ansi-language: NL; mso-fareast-language: NL;'><o:p> <\/o:p><\/span><\/p>\n<p style=\"margin: 0cm 0cm 0pt;\" class=\"MsoNormal\"><span style='font-family: \"Verdana\",\"sans-serif\"; font-size: 10pt; mso-bidi-font-family: Arial; mso-ansi-language: NL; mso-fareast-language: NL;'>Siyasi kat\u0131l\u0131m\u0131n en \u00f6nemli \u00f6zelliklerinden bir tanesi aktif ve pasif se\u00e7me ve se\u00e7ilme hakk\u0131n\u0131 kullanmakt\u0131r. Bu hak belediye, \u0130l Genel Meclisi, Avrupa Parlamentosu se\u00e7imlerinde kullan\u0131labilir. S\u00f6z konusu hakk\u0131n kullan\u0131lmas\u0131 siyasi bilin\u00e7lenmenin de \u00f6nemli bir s\u00fcrecidir.<o:p><\/o:p><\/span><\/p>\n<p style=\"margin: 0cm 0cm 0pt;\" class=\"MsoNormal\"><span style='font-family: \"Verdana\",\"sans-serif\"; font-size: 10pt; mso-bidi-font-family: Arial; mso-ansi-language: NL; mso-fareast-language: NL;'><o:p> <\/o:p><\/span><\/p>\n<p style=\"margin: 0cm 0cm 0pt;\" class=\"MsoNormal\"><span style='font-family: \"Verdana\",\"sans-serif\"; font-size: 10pt;' lang=\"DE\">Buradan hareketle 12 Eyl\u00fcl 2012 tarihinde yap\u0131lacak milletvekili <\/span><span style='font-family: \"Verdana\",\"sans-serif\"; font-size: 10pt; mso-bidi-font-family: Arial; mso-ansi-language: NL; mso-fareast-language: NL;'>se\u00e7imleri i\u00e7in haz\u0131rlanan listenizde T\u00fcrk k\u00f6kenli ve kaliteli adaylar\u0131 se\u00e7ilebilir bir s\u0131rada g\u00f6rmeyi arzu etmekteyiz. Listeye girecek isimler bir taraftan Hollanda\u2019da ya\u015famakta olan 450.000 T\u00fcrk k\u00f6kenli vatanda\u015f\u0131n g\u00f6nl\u00fcn\u00fc ho\u015f tutarken, se\u00e7imlere aktif kat\u0131l\u0131m\u0131te\u015fvik edecektir. Partinizde bu g\u00f6reve lay\u0131k adaylar\u0131n oldu\u011fu a\u015fikard\u0131r. <\/p>\n<p>Ayr\u0131ca hem se\u00e7imler s\u00fcrecinde hem siyasi kat\u0131l\u0131m s\u00fcrecinde kurum olarak partinizle ortak projeler geli\u015ftirmeye a\u00e7\u0131k ve haz\u0131r oldu\u011fumuzu belirtmek isteriz. Bu do\u011frultuda \u00f6n\u00fcm\u00fczdeki d\u00f6nemde partinize somut tekliflerle gelece\u011fiz. <\/p>\n<p>\u00d6nerimizin de\u011ferlendirilmesini rica eder, se\u00e7imlerin \u015fimdiden Hollanda ve Avrupa\u2019ya hay\u0131rl\u0131 olmas\u0131n\u0131 dileriz.<\/span><\/p>\n<p style=\"margin: 0cm 0cm 0pt;\" class=\"MsoNormal\"><span style='font-family: \"Verdana\",\"sans-serif\"; font-size: 10pt; mso-bidi-font-family: Arial; mso-ansi-language: NL; mso-fareast-language: NL;'><\/span> <\/p>\n<p style=\"margin: 0cm 0cm 0pt;\" class=\"MsoNormal\"><span style='font-family: \"Verdana\",\"sans-serif\"; font-size: 10pt; mso-bidi-font-family: Arial; mso-ansi-language: NL; mso-fareast-language: NL;'>22-05-2012, 11:20, Copyright by Demet TV<\/span><\/p>\n<p style=\"margin: 0cm 0cm 0pt;\" class=\"MsoNormal\"><span style='font-family: \"Verdana\",\"sans-serif\"; font-size: 10pt; mso-bidi-font-family: Arial; mso-ansi-language: NL; mso-fareast-language: NL;'><\/span> <\/p>\n<p style=\"margin: 0cm 0cm 0pt;\" class=\"MsoNormal\"><span style='font-family: \"Verdana\",\"sans-serif\"; font-size: 10pt;' lang=\"DE\"><o:p> <\/o:p><\/span><\/p>\n<p><a href=\"http:\/\/demetnu.nl\/uploads\/articles\/83fa79c5.jpg\" rel=\"prettyPhoto[phpmelody]\"><\/a><\/p>\n","protected":false},"excerpt":{"rendered":"<p>De Unie van Turkse Democraten (UETD) wil bij de verkiezingen op 12 september meer Turken als kandidaat op de lijsten zien. Dat staat in een brief dat door UETD is geschreven en naar verschillende politieke partijen is gestuurd. &nbsp; Hieronder meer tekst en uitleg. Helaas alleen in het Turks. &nbsp; UETD Hollanda\u2019dan 12 Eyl\u00fcl Se\u00e7im [&hellip;]<\/p>\n","protected":false},"author":1,"featured_media":0,"comment_status":"closed","ping_status":"open","sticky":false,"template":"","format":"standard","meta":{"fifu_image_url":"","fifu_image_alt":"","footnotes":""},"categories":[2],"tags":[],"class_list":["post-545","post","type-post","status-publish","format-standard","hentry","category-nieuws-artikelen"],"aioseo_notices":[],"_links":{"self":[{"href":"https:\/\/demet.nl\/index.php?rest_route=\/wp\/v2\/posts\/545","targetHints":{"allow":["GET"]}}],"collection":[{"href":"https:\/\/demet.nl\/index.php?rest_route=\/wp\/v2\/posts"}],"about":[{"href":"https:\/\/demet.nl\/index.php?rest_route=\/wp\/v2\/types\/post"}],"author":[{"embeddable":true,"href":"https:\/\/demet.nl\/index.php?rest_route=\/wp\/v2\/users\/1"}],"replies":[{"embeddable":true,"href":"https:\/\/demet.nl\/index.php?rest_route=%2Fwp%2Fv2%2Fcomments&post=545"}],"version-history":[{"count":0,"href":"https:\/\/demet.nl\/index.php?rest_route=\/wp\/v2\/posts\/545\/revisions"}],"wp:attachment":[{"href":"https:\/\/demet.nl\/index.php?rest_route=%2Fwp%2Fv2%2Fmedia&parent=545"}],"wp:term":[{"taxonomy":"category","embeddable":true,"href":"https:\/\/demet.nl\/index.php?rest_route=%2Fwp%2Fv2%2Fcategories&post=545"},{"taxonomy":"post_tag","embeddable":true,"href":"https:\/\/demet.nl\/index.php?rest_route=%2Fwp%2Fv2%2Ftags&post=545"}],"curies":[{"name":"wp","href":"https:\/\/api.w.org\/{rel}","templated":true}]}}