{"id":5751,"date":"2016-08-31T15:55:44","date_gmt":"2016-08-31T15:55:44","guid":{"rendered":""},"modified":"2016-08-31T15:55:44","modified_gmt":"2016-08-31T15:55:44","slug":"","status":"publish","type":"post","link":"https:\/\/demet.nl\/?p=5751","title":{"rendered":"Turken Nederland vieren de Dag van Overwinning"},"content":{"rendered":"<p><span style=\"font-size: 14px; line-height: 1.5em;\"><a href=\"\/uploads\/articles\/7635887b.jpg\" rel=\"prettyPhoto[phpmelody]\"><img loading=\"lazy\" decoding=\"async\" src=\"\/uploads\/articles\/7635887b.jpg\" alt=\"\" width=\"500\" height=\"277\" border=\"0\" hspace=\"\" vspace=\"\" \/><\/a>Zoals overal op de wereld hebben ook Turken in Nederland op 30 augustus de Dag van de Overwinning gevierd. Samen met vooraanstaande personen uit de Turks-Nederlandse gemeenschap, is bij de Turkse ambassade in Den Haag stilgestaan bij de overwinning op 30 augustus 1922, waar Turkije werd bevrijd.<\/span><\/p>\n<p><span style=\"font-size: 14px;\">Bij de viering bij de Turkse ambassade is ook een boodschap van de Turkse president Erdogan voorgelezen. Hierin geeft de president het belang van 30 augustus aan.<\/span><\/p>\n<p><span style=\"font-size: 14px;\">Hieronder meer hierover. Zowel in het Turks als in het Engels. (Helaas niet beschikbaar in het Nederlands)<\/span><\/p>\n<p><span style=\"font-size: 14px;\">&#8212;&#8212;-<\/span><\/p>\n<p><span style=\"font-size: 14px;\">&nbsp;<\/span><\/p>\n<p><span style=\"font-size: 14px;\"><strong>SAYIN CUMHURBA\u015eKANIMIZIN<\/strong><\/span><\/p>\n<p><span style=\"font-size: 14px;\"><strong>81 \u0130L\u0130M\u0130ZDE VE DI\u015e TEMS\u0130LC\u0130L\u0130KLERDE OKUNACAK 30 A\u011eUSTOS MESAJI<\/strong><\/span><\/p>\n<p><span style=\"font-size: 14px;\"><strong>(30 A\u011eUSTOS 2016) <\/strong><\/span><\/p>\n<p><span style=\"font-size: 14px;\">Bug&uuml;n, Anadolu&rsquo;nun vatan\u0131m\u0131z olarak yeniden tescili olan B&uuml;y&uuml;k Zafer&rsquo;in 94. Y\u0131ld&ouml;n&uuml;m&uuml;n&uuml;, milletimizle ve Kuzey K\u0131br\u0131s T&uuml;rk Cumhuriyeti&rsquo;ndeki karde\u015flerimizle beraber b&uuml;y&uuml;k bir gurur ve heyecanla kutluyoruz.<\/span><\/p>\n<p><span style=\"font-size: 14px;\">T&uuml;rkiye&rsquo;de ve d&uuml;nyan\u0131n farkl\u0131 &uuml;lkelerinde ya\u015fayan milyonlarca vatanda\u015f\u0131m\u0131z\u0131n 30 A\u011fustos Zafer Bayram\u0131&rsquo;n\u0131 g&ouml;n&uuml;lden tebrik ediyorum.<\/span><\/p>\n<p><span style=\"font-size: 14px;\">1919&rsquo;da zor \u015fartlar ve yokluklar i&ccedil;erisinde yak\u0131lan istiklal me\u015falesi, Gazi Mustafa Kemal&rsquo;in ve silah arkada\u015flar\u0131n\u0131n &ouml;nc&uuml;l&uuml;\u011f&uuml;nde 30 A\u011fustos Ba\u015fkomutanl\u0131k Meydan Muharebesiyle zaferle ta&ccedil;lanm\u0131\u015ft\u0131r.<\/span><\/p>\n<p><span style=\"font-size: 14px;\">30 A\u011fustos, &ldquo;YA \u0130ST\u0130KLAL YA \u0130ZM\u0130HLAL&rdquo; tercihiyle ba\u015fba\u015fa b\u0131rak\u0131lan bir milletin, neleri ba\u015farabilece\u011finin, ba\u011f\u0131ms\u0131zl\u0131k ve onuru i&ccedil;in neleri g&ouml;ze alabilece\u011finin en a&ccedil;\u0131k ispat\u0131d\u0131r.<\/span><\/p>\n<p><span style=\"font-size: 14px;\">30 A\u011fustos 1922&rsquo;de T&uuml;rk milleti, boyunduruk kabul etmeyece\u011fini, ba\u011f\u0131ms\u0131zl\u0131\u011f\u0131n\u0131 hi&ccedil;bir \u015fekilde terk etmeyece\u011fini t&uuml;m d&uuml;nyaya ilan etmi\u015ftir.<\/span><\/p>\n<p><span style=\"font-size: 14px;\">Bundan 94 y\u0131l &ouml;nce Dumlup\u0131nar&rsquo;da aziz \u015fehitlerimizin destans\u0131 m&uuml;cadeleleri ve m&uuml;barek kanlar\u0131yla tescil edilen iradeye bug&uuml;n de sahibiz.<\/span><\/p>\n<p><span style=\"font-size: 14px;\">Cumhuriyetimizi ilelebet payidar k\u0131lmak; ekonomik, siyasi ve sosyal olarak &uuml;lkemizi muas\u0131r medeniyetler seviyesinin &uuml;zerine ta\u015f\u0131mak i&ccedil;in var g&uuml;c&uuml;m&uuml;zle &ccedil;al\u0131\u015f\u0131yoruz.<\/span><\/p>\n<p><span style=\"font-size: 14px;\">Bu y\u0131l hayata ge&ccedil;irdi\u011fimiz Osman Gazi K&ouml;pr&uuml;s&uuml; ve Yavuz Sultan Selim K&ouml;pr&uuml;s&uuml; gibi &uuml;lkemizin gurur kayna\u011f\u0131 olan projeler, m&uuml;cadele azmimizin en somut tezah&uuml;r&uuml;d&uuml;r.<\/span><\/p>\n<p><span style=\"font-size: 14px;\">&Uuml;lkemizi kutlu y&uuml;r&uuml;y&uuml;\u015f&uuml;nden al\u0131koymak isteyen ter&ouml;r &ouml;rg&uuml;tlerinin hain sald\u0131r\u0131lar\u0131na ald\u0131rmadan, ihanet &ccedil;etelerini bozguna u\u011fratarak, birlik, beraberlik ve dayan\u0131\u015fma i&ccedil;inde m&uuml;cadelemiz s&uuml;recektir.<\/span><\/p>\n<p class=\"govdeverdana\"><span style=\"font-size: 14px;\">30 A\u011fustos Zaferi, &ouml;zellikle bug&uuml;n &uuml;lkemizin birli\u011fine, dirli\u011fine, bu topraklardaki varl\u0131\u011f\u0131na kasteden ter&ouml;r &ouml;rg&uuml;tleri ve \u015fer odaklar\u0131 i&ccedil;in ders olmal\u0131d\u0131r.<\/span><\/p>\n<p class=\"govdeverdana\"><span style=\"font-size: 14px;\">15 Temmuz kanl\u0131 darbe giri\u015fimi kar\u015f\u0131s\u0131nda milletimizin ortaya koydu\u011fu tav\u0131r, bu topraklarda &ldquo;B&uuml;y&uuml;k Taarruz&rdquo; ruhunun ne kadar diri oldu\u011funun ifadesidir.<\/span><\/p>\n<p class=\"govdeverdana\"><span style=\"font-size: 14px;\">O gece, T&uuml;rk&rsquo;&uuml;, K&uuml;rt&rsquo;&uuml;, Laz&rsquo;\u0131, &Ccedil;erkez&rsquo;i, S&uuml;nni&rsquo;si ve Alevi&rsquo;siyle t&uuml;m T&uuml;rkiye, ortak de\u011ferlerimiz etraf\u0131nda kenetlenmi\u015f, asker elbisesi giymi\u015f FET&Ouml; ter&ouml;r &ouml;rg&uuml;t&uuml; mensuplar\u0131n\u0131 hezimete u\u011fratm\u0131\u015ft\u0131r.<\/span><\/p>\n<p><span style=\"font-size: 14px;\">15 Temmuz&rsquo;da sokaklarda, meydanlarda destanla\u015fan ruh, 7 A\u011fustos 2016 tarihinde 5 milyon ki\u015finin kat\u0131ld\u0131\u011f\u0131 tarihi Yenikap\u0131 Mitingi ile adeta \u015faha kalkm\u0131\u015ft\u0131r.<\/span><\/p>\n<p><span style=\"font-size: 14px;\">T&uuml;rkiye ayn\u0131 d&ouml;nemde, FET&Ouml; yan\u0131nda DA\u0130\u015e ve PKK gibi ter&ouml;r &ouml;rg&uuml;tlerinin sivilleri, g&uuml;venlik g&ouml;revlilerimizi, &ccedil;ocuklar\u0131 ve masum insanlar\u0131 hedef alan sald\u0131r\u0131lar\u0131na maruz kalm\u0131\u015ft\u0131r.<\/span><\/p>\n<p><span style=\"font-size: 14px;\">\u0130simleri farkl\u0131, ama ayn\u0131 merkez taraf\u0131ndan y&ouml;netilen bu ter&ouml;r &ouml;rg&uuml;tlerinin tek hedefi,15 Temmuz ve 7 A\u011fustos&rsquo;ta v&uuml;cut bulan &ldquo;Yeni B&uuml;y&uuml;k Taarruz Ruhu&rdquo;nu zedelemek, bu &uuml;lkeye diz &ccedil;&ouml;kt&uuml;rmektedir.<\/span><\/p>\n<p><span style=\"font-size: 14px;\">T&uuml;rkiye, ter&ouml;r &ouml;rg&uuml;tleri aras\u0131nda ayr\u0131m yapmadan, vatanda\u015flar\u0131n\u0131n can g&uuml;venli\u011fini sa\u011flayacak ad\u0131mlar\u0131 hem &uuml;lke topraklar\u0131 i&ccedil;inde, hem de ter&ouml;r &ouml;rg&uuml;tlerinin yuvaland\u0131\u011f\u0131 kom\u015fu &uuml;lkelerde atmaya kararl\u0131d\u0131r.<\/span><\/p>\n<p><span style=\"font-size: 14px;\">Uluslararas\u0131 Koalisyon ile i\u015fbirli\u011fi i&ccedil;inde 24 A\u011fustos&rsquo;ta ba\u015flat\u0131lan Cerablus harek&acirc;t\u0131, bu kararl\u0131l\u0131\u011f\u0131m\u0131z\u0131n ve irademizin bir yans\u0131mas\u0131d\u0131r.<\/span><\/p>\n<p><span style=\"font-size: 14px;\">Operasyonlar\u0131m\u0131z, DA\u0130\u015e, PKK ve onun Suriye kolu YPG gibi ter&ouml;r &ouml;rg&uuml;tleri vatanda\u015flar\u0131m\u0131z i&ccedil;in bir tehdit olmaktan &ccedil;\u0131kar\u0131lana kadar devam edecektir.<\/span><\/p>\n<p><span style=\"font-size: 14px;\">Bu m&uuml;cadelede en b&uuml;y&uuml;k g&uuml;ven kayna\u011f\u0131m\u0131z, dostlar\u0131m\u0131z\u0131n deste\u011fi yan\u0131nda, milletimizin 15 Temmuz gecesi ve sonras\u0131nda ortaya koydu\u011fu dayan\u0131\u015fma tablosudur.<\/span><\/p>\n<p><span style=\"font-size: 14px;\">Bu vesileyle bir kez daha Cumhuriyetimizin banisi, B&uuml;y&uuml;k Taarruz&rsquo;un Ba\u015fkomutan\u0131 Gazi Mustafa Kemal&rsquo;i ve dava arkada\u015flar\u0131n\u0131 minnetle y&acirc;d ediyor, t&uuml;m \u015fehitlerimize ve gazilerimize Allah&rsquo;tan rahmet diliyorum.<\/span><\/p>\n<p><span style=\"font-size: 14px;\">30 A\u011fustos Zafer Bayram\u0131m\u0131z kutlu olsun.<\/span><\/p>\n<p><span style=\"font-size: 14px;\">&nbsp;<\/span><\/p>\n<p><span style=\"font-size: 14px;\"><strong>RECEP TAYY\u0130P ERDO\u011eAN<\/strong><\/span><\/p>\n<p><span style=\"font-size: 14px;\"><strong>CUMHURBA\u015eKANI<\/strong><\/span><\/p>\n<p><span style=\"font-size: 14px;\">&nbsp;<\/span><\/p>\n<p><span style=\"font-size: 14px;\">&nbsp;<\/span><\/p>\n<p><span style=\"font-size: 14px;\">&#8212;-<\/span><\/p>\n<p><span style=\"font-size: 14px;\">&nbsp;<\/span><\/p>\n<p class=\"Gvde\"><span style=\"font-size: 14px;\">Today, we are celebrating the 94th anniversary of the Great Victory, which marked the re-sanctification of Anatolia as our homeland, together with our people and brothers in the Turkish Republic of Northern Cyprus in great pride and excitement.<\/span><\/p>\n<p class=\"Gvde\"><span style=\"font-size: 14px;\">I would like to congratulate wholeheartedly August 30 Victory Day of millions of our citizens who live in Turkey as well different countries around the world.<\/span><\/p>\n<p class=\"Gvde\"><span style=\"font-size: 14px;\">The torch of independence lighted in 1919 under difficult conditions and deprivations was crowned with the Battle of Commander-in-Chief on August 30 under the leadership of Ghazi Mustafa Kemal and his comrades.<\/span><\/p>\n<p class=\"Gvde\"><span style=\"font-size: 14px;\">August 30 is the most obvious proof of what a nation can venture and accomplish to save its independence and its dignity when confronted&nbsp; with the choice &#8220;EITHER INDEPENDENCE OR DEMISE&#8221;.<\/span><\/p>\n<p class=\"Gvde\"><span style=\"font-size: 14px;\">On August 30, 1922, the Turkish nation announced to the whole world that it would never bow to oppression and forego its independence in any way.<\/span><\/p>\n<p class=\"Gvde\"><span style=\"font-size: 14px;\">Today, we still posses the same will- power proven 94 years ago in Dumlup\u0131nar with the epic struggle and the blood of our holy fallen.<\/span><\/p>\n<p class=\"Gvde\"><span style=\"font-size: 14px;\">We are exerting our utmost efforts so that our Republic stands forever, and raise our country above the contemporary civilizations in economic, social and political aspects.<\/span><\/p>\n<p class=\"Gvde\"><span style=\"font-size: 14px;\">Pride projects of our country, such as Osman Gazi Bridge and Yavuz Sultan Selim Bridge, which have been completed this year, are the most concrete manifestations of our determination to carry on this struggle.<\/span><\/p>\n<p class=\"Gvde\"><span style=\"font-size: 14px;\">Our efforts will continue in unity, togetherness and solidarity and defeat the gangs of treachery and overcome the obstructions and vicious attacks of terrorist organizations who desire to impede the auspicious progress of our country.<\/span><\/p>\n<p class=\"govdeverdana\"><span style=\"font-size: 14px;\">Victory of August 30 should be a lesson particularly today for the terrorist organizations and evils targeting the unity, welfare and existence of our country in these lands.<\/span><\/p>\n<p class=\"govdeverdana\"><span style=\"font-size: 14px;\">The stance displayed by the Turkish people during the bloody 15 July coup attempt is a vivid display of the vitality of the &ldquo;Great&nbsp; Offensive&rdquo; spirit.<\/span><\/p>\n<p class=\"govdeverdana\"><span style=\"font-size: 14px;\">At that night, all Turkey along with Turkish, Kurdish, Laz, Circassian, Sunnites and Alawites united their forces around our common values and defeated the members of FET&Ouml; terrorist organization, who were disguised themselves in military uniforms.<\/span><\/p>\n<p class=\"Gvde\"><span style=\"font-size: 14px;\">The epic spirit displayed in squares and streets of our cities on 15 July rose to a new height&nbsp; with the historical Yenikap\u0131 Meeting, in which 5 million people participated on 7 August 2016.<\/span><\/p>\n<p class=\"Gvde\"><span style=\"font-size: 14px;\">Turkey is exposed also to the attacks of the terrorist organizations apart from FETO, such as DAESH and PKK targeting civilians, security officials, children and innocent people during this period.<\/span><\/p>\n<p class=\"Gvde\"><span style=\"font-size: 14px;\">The single aim of all these terrorist organizations under different names but directed by the same centre is to damage the &ldquo;New Great Offensive Spirit&rdquo; which manifested itself on 15 July and 7 August, and bring this country&nbsp; into its knees.<\/span><\/p>\n<p class=\"Gvde\"><span style=\"font-size: 14px;\">Turkey is determined to take all necessary steps within both its boundaries&nbsp; as well as&nbsp; the neighbouring countries where the terrorist organizations are active&nbsp; in order to ensure the security of its citizens, without discriminating among the terrorist organizations.<\/span><\/p>\n<p class=\"Gvde\"><span style=\"font-size: 14px;\">The Jarablus operation, initiated on 24 August in cooperation with the International Coalition, is a reflection of our resoluteness and will.<\/span><\/p>\n<p class=\"Gvde\"><span style=\"font-size: 14px;\">Our operations will continue until the terrorist organizations such as DAESH, PKK and its Syrian affiliate YPG cease to become a threat to our citizens.<\/span><\/p>\n<p class=\"Gvde\"><span style=\"font-size: 14px;\">Our greatest source of confidence is the solidarity displayed by the Turkish people on the night of 15 July and thereafter as well as the support of our friends.<\/span><\/p>\n<p class=\"Gvde\"><span style=\"font-size: 14px;\">On this occasion, I would like to remember gratefully Mustafa Kemal, the founder of the Republic of Turkey and the Commander&nbsp; in Chief of the Great Offensive as well as his comrades. I wish God&rsquo;s mercy upon all our fallen and veterans.<\/span><\/p>\n<p class=\"Gvde\"><span style=\"font-size: 14px;\">Happy 30 August Victory Day to all.<\/span><\/p>\n<p class=\"Gvde\"><span style=\"font-size: 14px;\">&nbsp;<\/span><\/p>\n<p class=\"Gvde\"><span style=\"font-size: 14px;\"><strong>RECEP TAYY\u0130<\/strong><strong>P ERDO<\/strong><strong>\u011eAN<\/strong><\/span><\/p>\n<p class=\"Gvde\"><span style=\"font-size: 14px;\"><strong>PRESIDENT<\/strong><\/span><span style=\"font-size: 14px; line-height: 1.5em;\">&nbsp;<\/span><\/p>\n","protected":false},"excerpt":{"rendered":"<p>Zoals overal op de wereld hebben ook Turken in Nederland op 30 augustus de Dag van de Overwinning gevierd. Samen met vooraanstaande personen uit de Turks-Nederlandse gemeenschap, is bij de Turkse ambassade in Den Haag stilgestaan bij de overwinning op 30 augustus 1922, waar Turkije werd bevrijd. Bij de viering bij de Turkse ambassade is [&hellip;]<\/p>\n","protected":false},"author":1,"featured_media":0,"comment_status":"closed","ping_status":"open","sticky":false,"template":"","format":"standard","meta":{"fifu_image_url":"","fifu_image_alt":"","footnotes":""},"categories":[2],"tags":[],"class_list":["post-5751","post","type-post","status-publish","format-standard","hentry","category-nieuws-artikelen"],"aioseo_notices":[],"_links":{"self":[{"href":"https:\/\/demet.nl\/index.php?rest_route=\/wp\/v2\/posts\/5751","targetHints":{"allow":["GET"]}}],"collection":[{"href":"https:\/\/demet.nl\/index.php?rest_route=\/wp\/v2\/posts"}],"about":[{"href":"https:\/\/demet.nl\/index.php?rest_route=\/wp\/v2\/types\/post"}],"author":[{"embeddable":true,"href":"https:\/\/demet.nl\/index.php?rest_route=\/wp\/v2\/users\/1"}],"replies":[{"embeddable":true,"href":"https:\/\/demet.nl\/index.php?rest_route=%2Fwp%2Fv2%2Fcomments&post=5751"}],"version-history":[{"count":0,"href":"https:\/\/demet.nl\/index.php?rest_route=\/wp\/v2\/posts\/5751\/revisions"}],"wp:attachment":[{"href":"https:\/\/demet.nl\/index.php?rest_route=%2Fwp%2Fv2%2Fmedia&parent=5751"}],"wp:term":[{"taxonomy":"category","embeddable":true,"href":"https:\/\/demet.nl\/index.php?rest_route=%2Fwp%2Fv2%2Fcategories&post=5751"},{"taxonomy":"post_tag","embeddable":true,"href":"https:\/\/demet.nl\/index.php?rest_route=%2Fwp%2Fv2%2Ftags&post=5751"}],"curies":[{"name":"wp","href":"https:\/\/api.w.org\/{rel}","templated":true}]}}