{"id":59,"date":"2011-11-25T13:00:27","date_gmt":"2011-11-25T13:00:27","guid":{"rendered":""},"modified":"2011-11-25T13:00:27","modified_gmt":"2011-11-25T13:00:27","slug":"","status":"publish","type":"post","link":"https:\/\/demet.nl\/?p=59","title":{"rendered":"Bedelli Askerlige tepki."},"content":{"rendered":"<p>Turkler icin Danisma Kurulu, bedelli askerlige asagidaki bildiri ile tepkisini gosterdi:<\/p>\n<\/p>\n<p><a href=\"http:\/\/www.demetnu.nl\/uploads\/articles\/e4f9693d.jpg\" rel=\"prettyPhoto[phpmelody]\"><img loading=\"lazy\" decoding=\"async\" border=\"0\" hspace=\"-1\" alt=\"\" vspace=\"0\" src=\"http:\/\/www.demetnu.nl\/uploads\/articles\/e4f9693d.jpg\" width=\"266\" height=\"190\"><\/a><\/p>\n<p><span style='color: black; line-height: 150%; font-family: \"Verdana\",\"sans-serif\"; font-size: 10pt; mso-fareast-font-family: Verdana; mso-bidi-font-family: Verdana; mso-bidi-font-weight: bold;'><span style=\"mso-list: Ignore;\"><\/span><\/span>&nbsp;<\/p>\n<p><span style='color: black; line-height: 150%; font-family: \"Verdana\",\"sans-serif\"; font-size: 10pt; mso-fareast-font-family: Verdana; mso-bidi-font-family: Verdana; mso-bidi-font-weight: bold;'><span style=\"mso-list: Ignore;\">&#8211;<span style='font: 7pt\/normal \"Times New Roman\"; font-size-adjust: none; font-stretch: normal;'>&nbsp;&nbsp;&nbsp;&nbsp;&nbsp; <\/span><\/span><\/span><b><i style=\"mso-bidi-font-style: normal;\"><span style='color: black; line-height: 150%; font-family: \"Arial\",\"sans-serif\"; font-size: 10pt;'>21 g\u00fcnl\u00fck temel askerlik<br \/>\ne\u011fitiminin kalkmas\u0131 sevindirici ama?<?xml:namespace prefix = o ns = \"urn:schemas-microsoft-com:office:office\" \/><o:p><\/o:p><\/span><\/i><\/b><\/p>\n<p><span style='color: black; line-height: 150%; font-family: \"Verdana\",\"sans-serif\"; font-size: 10pt; mso-fareast-font-family: Verdana; mso-bidi-font-family: Verdana; mso-bidi-font-weight: bold;'><span style=\"mso-list: Ignore;\">&#8211;<span style='font: 7pt\/normal \"Times New Roman\"; font-size-adjust: none; font-stretch: normal;'>&nbsp;&nbsp;&nbsp;&nbsp;&nbsp; <\/span><\/span><\/span><b><i style=\"mso-bidi-font-style: normal;\"><span style='color: black; line-height: 150%; font-family: \"Arial\",\"sans-serif\"; font-size: 10pt;'>Bedeli 10 bin Euro\u2019ya<br \/>\ny\u00fckseltme \u00f6nerisi geri \u00e7ekilmeli!<o:p><\/o:p><\/span><\/i><\/b><\/p>\n<p><span style='color: black; line-height: 150%; font-family: \"Verdana\",\"sans-serif\"; font-size: 10pt; mso-fareast-font-family: Verdana; mso-bidi-font-family: Verdana; mso-bidi-font-weight: bold;'><span style=\"mso-list: Ignore;\">&#8211;<span style='font: 7pt\/normal \"Times New Roman\"; font-size-adjust: none; font-stretch: normal;'>&nbsp;&nbsp;&nbsp;&nbsp;&nbsp; <\/span><\/span><\/span><b><i style=\"mso-bidi-font-style: normal;\"><span style='color: black; line-height: 150%; font-family: \"Arial\",\"sans-serif\"; font-size: 10pt;'>Yurtd\u0131\u015f\u0131ndaki T\u00fcrk gen\u00e7leri<br \/>\ni\u00e7in askerlik y\u00fck\u00fcml\u00fcl\u00fc\u011f\u00fc tamamen kald\u0131r\u0131lmal\u0131!<o:p><\/o:p><\/span><\/i><\/b><\/p>\n<p><span style='color: black; font-family: \"Arial\",\"sans-serif\"; font-size: 10pt; mso-bidi-font-weight: bold;'>Bedelli ve d\u00f6vizle askerlikle ilgili d\u00fczenlemeleri i\u00e7eren<br \/>\nAskerlik Kanununda De\u011fi\u015fiklik Yap\u0131lmas\u0131na Dair Kanun Tasar\u0131s\u0131n\u0131n, <a title=\"TBMM\" href=\"http:\/\/www.hurriyet.com.tr\/index\/TBMM\/\" target=\"_blank\"><span style=\"color: black; text-decoration: none; text-underline: none;\">TBMM<\/span><\/a><br \/>\nBa\u015fkanl\u0131\u011f\u0131na sunuldu\u011funu \u00f6\u011frenmi\u015f bulunuyoruz. <\/span><span style='color: black; font-family: \"Arial\",\"sans-serif\"; font-size: 10pt;'>Yeni tasar\u0131yla, d\u00f6vizli<br \/>\naskerlik hakk\u0131 kazananlar i\u00e7in 38 ya\u015f s\u0131n\u0131r\u0131 g\u00f6zetilmeksizin 10 bin Euro<br \/>\nbedelle askerlik hizmetini yapma hakk\u0131 getiriliyor. 21 g\u00fcnl\u00fck temel e\u011fitim de<br \/>\nkald\u0131r\u0131l\u0131yor.<b><o:p><\/o:p><\/b><\/span><\/p>\n<p><span style='color: black; font-family: \"Arial\",\"sans-serif\"; font-size: 10pt;'>Hollanda\u2019da<br \/>\nT\u00fcrkler \u0130\u00e7in Dan\u0131\u015fma Kurulu (IOT) olarak, 21 g\u00fcnl\u00fck temel askerlik e\u011fitiminin<br \/>\nkald\u0131r\u0131lmas\u0131n\u0131 memnuniyetle kar\u015f\u0131l\u0131yoruz. \u00c7al\u0131\u015ft\u0131klar\u0131 i\u015fyerinden \u00e7e\u015fitli<br \/>\nrisklere katlanarak zorla izin al\u0131p 21 g\u00fcnl\u00fck askerlik e\u011fitimi alan gen\u00e7lerimiz<br \/>\na\u00e7\u0131s\u0131ndan \u00f6nemli bir engel kalkm\u0131\u015f oluyor. Bu de\u011fi\u015fiklik serbest meslek sahibi<br \/>\nolanlar a\u00e7\u0131s\u0131ndan da b\u00fcy\u00fck bir kolayl\u0131k anlam\u0131na geliyor. Ancak bu sevincimiz,<br \/>\nbedelin iki kat artarak 10 bin Euro\u2019ya y\u00fckseltilmesiyle h\u00fczne d\u00f6n\u00fc\u015fm\u00fc\u015f<br \/>\nbulunuyor. <o:p><\/o:p><\/span><\/p>\n<p><span style='color: black; font-family: \"Arial\",\"sans-serif\"; font-size: 10pt;'>Avrupa\u2019da<br \/>\ngiderek derinle\u015fen ekonomik krizden en \u00e7ok etkilenen toplumsal kesimlerin<br \/>\nba\u015f\u0131nda bu \u00fclkelerde ya\u015fayan g\u00f6\u00e7menler geliyor. Hollanda\u2019da krizin hissedilmeye<br \/>\nba\u015flad\u0131\u011f\u0131 2008 y\u0131l\u0131 ikinci \u00e7eyre\u011finden itibaren, T\u00fcrk gen\u00e7leri aras\u0131ndaki<br \/>\ni\u015fsizlik oran\u0131,<span style=\"mso-spacerun: yes;\">&nbsp; <\/span>y\u00fczde 13,4\u2019ten bu y\u0131l\u0131n<br \/>\nikinci \u00e7eyre\u011finde y\u00fczde 24,8\u2019e y\u00fckselmi\u015f bulunuyor. Bu da Hollanda\u2019da halen<br \/>\n15-25 ya\u015flar\u0131 aras\u0131ndaki her d\u00f6rt gencimizden birinin i\u015fsiz oldu\u011fu anlam\u0131na<br \/>\ngeliyor. E\u011fitim ve ayr\u0131mc\u0131l\u0131k ba\u015fta olmak \u00fczere g\u00fcnl\u00fck hayat\u0131n bir \u00e7ok alan\u0131nda<br \/>\nciddi sorunlar ya\u015fayan gen\u00e7lerimiz i\u00e7in 10 bin Euro askerlik bedeli \u00e7ok a\u011f\u0131r<br \/>\nolacakt\u0131r. <o:p><\/o:p><\/span><\/p>\n<p><span style='color: black; font-family: \"Arial\",\"sans-serif\"; font-size: 10pt;'>Hollanda\u2019daki<br \/>\nT\u00fcrk hanelerinin \u00fc\u00e7te biri yoksulluk s\u0131n\u0131r\u0131 veya buna yak\u0131n bir gelir d\u00fczeyine<br \/>\nsahip. Bu d\u00fc\u015f\u00fck gelir d\u00fczeyi ve toplumsal zay\u0131f konumu dikkate ald\u0131\u011f\u0131m\u0131zda,<br \/>\naskerlik bedelinin iki kat\u0131na \u00e7\u0131kar\u0131lm\u0131\u015f olmas\u0131, gen\u00e7lerimizi oldu\u011fu kadar<br \/>\nailelerini de zor durumda b\u0131rakacakt\u0131r. A\u011f\u0131r bedel \u00f6demek zorunda olan<br \/>\ngen\u00e7lerimizin, iyi bir e\u011fitim ve i\u015f \u00e7abalar\u0131 olumsuz etkilenecektir. Bu nedenle<br \/>\nHollanda\u2019da T\u00fcrkler \u0130\u00e7in Dan\u0131\u015fma Kurulu olarak TBMM\u2019 nin kanun tasar\u0131s\u0131n\u0131<br \/>\nyeniden g\u00f6zden ge\u00e7irmesini ve d\u00f6vizli askerlik bedelinin y\u00fckseltilmesine kar\u015f\u0131<br \/>\n\u00e7\u0131kmas\u0131n\u0131 istiyoruz. <o:p><\/o:p><\/span><\/p>\n<p><span style='color: black; font-family: \"Arial\",\"sans-serif\"; font-size: 10pt;'>Di\u011fer<br \/>\ntaraftan Hollanda\u2019da ya\u015fayan di\u011fer b\u00fcy\u00fck g\u00f6\u00e7men gruplar\u0131 i\u00e7erisinde sadece T\u00fcrk<br \/>\ngen\u00e7lerinin zorunlu askerlik y\u00fck\u00fcml\u00fcl\u00fc\u011f\u00fc bulunmaktad\u0131r. Bu da gen\u00e7lerimizin<br \/>\nsadece Hollandal\u0131 akranlar\u0131na g\u00f6re de\u011fil, ayn\u0131 zamanda di\u011fer g\u00f6\u00e7men gen\u00e7lere g\u00f6re<br \/>\nde zor durumda kalmalar\u0131na neden oluyor. Bu nedenle yurtd\u0131\u015f\u0131nda ya\u015fayan<br \/>\ngen\u00e7lerimizin askerlik y\u00fck\u00fcml\u00fcl\u00fc\u011f\u00fcn\u00fcn tamamen kald\u0131r\u0131lmas\u0131n\u0131 istiyoruz.<o:p><\/o:p><\/span><\/p>\n<p><span style='color: black; font-family: \"Arial\",\"sans-serif\"; font-size: 10pt;'>Ayd\u0131n<br \/>\nAkkaya<o:p><\/o:p><\/span><\/p>\n<p><span style='color: black; font-family: \"Arial\",\"sans-serif\"; font-size: 10pt;'>IOT<br \/>\nBa\u015fkan\u0131.<o:p><\/o:p><\/span><\/p>\n<\/p>\n<p><a href=\"http:\/\/www.demetnu.nl\/uploads\/articles\/e4f9693d.jpg\" rel=\"prettyPhoto[phpmelody]\"><\/a><\/p>\n","protected":false},"excerpt":{"rendered":"<p>Turkler icin Danisma Kurulu, bedelli askerlige asagidaki bildiri ile tepkisini gosterdi: &nbsp; &#8211;&nbsp;&nbsp;&nbsp;&nbsp;&nbsp; 21 g\u00fcnl\u00fck temel askerlik e\u011fitiminin kalkmas\u0131 sevindirici ama? &#8211;&nbsp;&nbsp;&nbsp;&nbsp;&nbsp; Bedeli 10 bin Euro\u2019ya y\u00fckseltme \u00f6nerisi geri \u00e7ekilmeli! &#8211;&nbsp;&nbsp;&nbsp;&nbsp;&nbsp; Yurtd\u0131\u015f\u0131ndaki T\u00fcrk gen\u00e7leri i\u00e7in askerlik y\u00fck\u00fcml\u00fcl\u00fc\u011f\u00fc tamamen kald\u0131r\u0131lmal\u0131! Bedelli ve d\u00f6vizle askerlikle ilgili d\u00fczenlemeleri i\u00e7eren Askerlik Kanununda De\u011fi\u015fiklik Yap\u0131lmas\u0131na Dair Kanun Tasar\u0131s\u0131n\u0131n, TBMM Ba\u015fkanl\u0131\u011f\u0131na [&hellip;]<\/p>\n","protected":false},"author":1,"featured_media":0,"comment_status":"closed","ping_status":"open","sticky":false,"template":"","format":"standard","meta":{"fifu_image_url":"","fifu_image_alt":"","footnotes":""},"categories":[2],"tags":[],"class_list":["post-59","post","type-post","status-publish","format-standard","hentry","category-nieuws-artikelen"],"aioseo_notices":[],"_links":{"self":[{"href":"https:\/\/demet.nl\/index.php?rest_route=\/wp\/v2\/posts\/59","targetHints":{"allow":["GET"]}}],"collection":[{"href":"https:\/\/demet.nl\/index.php?rest_route=\/wp\/v2\/posts"}],"about":[{"href":"https:\/\/demet.nl\/index.php?rest_route=\/wp\/v2\/types\/post"}],"author":[{"embeddable":true,"href":"https:\/\/demet.nl\/index.php?rest_route=\/wp\/v2\/users\/1"}],"replies":[{"embeddable":true,"href":"https:\/\/demet.nl\/index.php?rest_route=%2Fwp%2Fv2%2Fcomments&post=59"}],"version-history":[{"count":0,"href":"https:\/\/demet.nl\/index.php?rest_route=\/wp\/v2\/posts\/59\/revisions"}],"wp:attachment":[{"href":"https:\/\/demet.nl\/index.php?rest_route=%2Fwp%2Fv2%2Fmedia&parent=59"}],"wp:term":[{"taxonomy":"category","embeddable":true,"href":"https:\/\/demet.nl\/index.php?rest_route=%2Fwp%2Fv2%2Fcategories&post=59"},{"taxonomy":"post_tag","embeddable":true,"href":"https:\/\/demet.nl\/index.php?rest_route=%2Fwp%2Fv2%2Ftags&post=59"}],"curies":[{"name":"wp","href":"https:\/\/api.w.org\/{rel}","templated":true}]}}