{"id":6051,"date":"2016-11-10T15:54:42","date_gmt":"2016-11-10T15:54:42","guid":{"rendered":""},"modified":"2016-11-10T15:54:42","modified_gmt":"2016-11-10T15:54:42","slug":"","status":"publish","type":"post","link":"https:\/\/demet.nl\/?p=6051","title":{"rendered":"Turkse Federatie Nederland opent vestiging Deventer"},"content":{"rendered":"<p><span style=\"font-size: 14px;\"><a href=\"\/uploads\/articles\/fc24a277.jpg\" rel=\"prettyPhoto[phpmelody]\"><img loading=\"lazy\" decoding=\"async\" src=\"\/uploads\/articles\/fc24a277.jpg\" alt=\"\" width=\"768\" height=\"425\" border=\"0\" hspace=\"\" vspace=\"\" \/><\/a>De Turkse Federatie Nederland heeft een vestiging in Deventer geopend. De opening heeft plaatsgevonden in het bijzijn van de Turkse consul Zafer Ates en de vertegenwoordigers van verschillende Turkse zelforganisaties.<\/span><\/p>\n<p><strong><em><span style=\"font-size: 14px;\">Zie hieronder het persbericht (enkel in het Turks beschikbaar)<\/span><span style=\"font-size: 14px;\">&nbsp;<\/span><\/em><\/strong><\/p>\n<p><span style=\"font-size: 14px;\">K\u0131sa zaman &ouml;nce te\u015fkilatlanmas\u0131n\u0131 tamamlayan &ldquo;Deventer G&ouml;k Sancak K&uuml;lt&uuml;r ve E\u011fitim Merkezi&rdquo; kap\u0131lar\u0131n\u0131 resmi olarak hzimete a&ccedil;t\u0131. A&ccedil;\u0131l\u0131\u015fa Hollanda T&uuml;rk Federasyon Genel Ba\u015fkan\u0131 Murat Gedik ve T.C. Deventer Ba\u015fkonsolosu Zafer Ate\u015f te kat\u0131ld\u0131lar.<\/span><\/p>\n<p><span style=\"font-size: 14px;\">Yap\u0131lan dua sonras\u0131 G&ouml;k Sancak te\u015fkilat\u0131n\u0131n a&ccedil;\u0131l\u0131\u015f kurdelesini Hollanda T&uuml;rk Federasyon Genel Ba\u015fkan\u0131 Murat Gedik, T.C. Deventer Ba\u015fkonsolosu Zafer Ate\u015f ve Deventer G&ouml;k Sancak K&uuml;lt&uuml;r ve E\u011fitim Merkezi Ba\u015fkan\u0131 Arif U&ccedil;ar birlikte kestiler.<\/span><\/p>\n<p><span style=\"font-size: 14px;\">Te\u015fkilat lokalinde a&ccedil;\u0131l\u0131\u015f konu\u015fmas\u0131n\u0131 yapan G&ouml;k Sancak Ba\u015fkan\u0131 Arif U&ccedil;ar kat\u0131l\u0131mc\u0131lara Deventer&rsquo;de yapacaklar\u0131 &ccedil;al\u0131\u015fmalar hakk\u0131nda bilgi verdi. T.C. Deventer Ba\u015fkonsolosu Zafer Ate\u015f ise yapm\u0131\u015f oldu\u011fu konu\u015fmas\u0131nda T&uuml;rk insan\u0131n\u0131n birlik ve beraberlik konusunda her zaman olmalar\u0131 gerekti\u011fine vurgu yaparak Ba\u015fkonsolosluk olarak her zaman vatanda\u015flar\u0131n\u0131n yan\u0131nda olduklar\u0131n\u0131 s&ouml;yledi.<\/span><\/p>\n<p><span style=\"font-size: 14px;\">&ldquo;\u0130\u015f bundan sonra te\u015fkilat\u0131n hakk\u0131n\u0131 vermek i&ccedil;in m&uuml;cadele i&ccedil;inde olunmas\u0131 gerek&rdquo; diyerek konu\u015fmas\u0131na ba\u015flayan Hollanda T&uuml;rk Federasyon Genel Ba\u015fkan\u0131 Murat Gedik Deventer&rsquo;de de art\u0131k \u015fubelerinin oldu\u011funu mutluluk ile kar\u015f\u0131lad\u0131klar\u0131n\u0131 dile getirdi.<\/span><\/p>\n<p><span style=\"font-size: 14px;\">Deventer G&ouml;k Sancak K&uuml;lt&uuml;r ve E\u011fitim Merkezi&rsquo;nin a&ccedil;\u0131l\u0131\u015f\u0131na kat\u0131lanlara ikramlar sunulduktan sonra a&ccedil;\u0131l\u015f program\u0131n\u0131n ilk b&ouml;l&uuml;m&uuml; son buldu. Kat\u0131l\u0131mc\u0131lar daha sonra 2. b&ouml;l&uuml;m olan &ldquo;K&uuml;lt&uuml;r Gecesine&rdquo; kat\u0131l\u0131m i&ccedil;in kiralanan d&uuml;\u011f&uuml;n salonuna ge&ccedil;tiler. Burada Hollanda T&uuml;rk Federasyon Sanat&ccedil;\u0131s\u0131 G&ouml;khan Tekin sahne ald\u0131.<\/span><\/p>\n<p><span style=\"font-size: 14px;\">A&ccedil;\u0131l\u0131\u015f program\u0131na Deventer ve &ccedil;evresinden &ccedil;ok say\u0131da STK temsilcileri de kat\u0131ld\u0131lar.<\/span><\/p>\n<p><span style=\"font-size: 14px;\">10-11-2016<\/span><\/p>\n","protected":false},"excerpt":{"rendered":"<p>De Turkse Federatie Nederland heeft een vestiging in Deventer geopend. De opening heeft plaatsgevonden in het bijzijn van de Turkse consul Zafer Ates en de vertegenwoordigers van verschillende Turkse zelforganisaties. Zie hieronder het persbericht (enkel in het Turks beschikbaar)&nbsp; K\u0131sa zaman &ouml;nce te\u015fkilatlanmas\u0131n\u0131 tamamlayan &ldquo;Deventer G&ouml;k Sancak K&uuml;lt&uuml;r ve E\u011fitim Merkezi&rdquo; kap\u0131lar\u0131n\u0131 resmi olarak hzimete [&hellip;]<\/p>\n","protected":false},"author":1,"featured_media":0,"comment_status":"closed","ping_status":"open","sticky":false,"template":"","format":"standard","meta":{"fifu_image_url":"","fifu_image_alt":"","footnotes":""},"categories":[2],"tags":[],"class_list":["post-6051","post","type-post","status-publish","format-standard","hentry","category-nieuws-artikelen"],"aioseo_notices":[],"_links":{"self":[{"href":"https:\/\/demet.nl\/index.php?rest_route=\/wp\/v2\/posts\/6051","targetHints":{"allow":["GET"]}}],"collection":[{"href":"https:\/\/demet.nl\/index.php?rest_route=\/wp\/v2\/posts"}],"about":[{"href":"https:\/\/demet.nl\/index.php?rest_route=\/wp\/v2\/types\/post"}],"author":[{"embeddable":true,"href":"https:\/\/demet.nl\/index.php?rest_route=\/wp\/v2\/users\/1"}],"replies":[{"embeddable":true,"href":"https:\/\/demet.nl\/index.php?rest_route=%2Fwp%2Fv2%2Fcomments&post=6051"}],"version-history":[{"count":0,"href":"https:\/\/demet.nl\/index.php?rest_route=\/wp\/v2\/posts\/6051\/revisions"}],"wp:attachment":[{"href":"https:\/\/demet.nl\/index.php?rest_route=%2Fwp%2Fv2%2Fmedia&parent=6051"}],"wp:term":[{"taxonomy":"category","embeddable":true,"href":"https:\/\/demet.nl\/index.php?rest_route=%2Fwp%2Fv2%2Fcategories&post=6051"},{"taxonomy":"post_tag","embeddable":true,"href":"https:\/\/demet.nl\/index.php?rest_route=%2Fwp%2Fv2%2Ftags&post=6051"}],"curies":[{"name":"wp","href":"https:\/\/api.w.org\/{rel}","templated":true}]}}