{"id":639,"date":"2012-09-07T10:31:20","date_gmt":"2012-09-07T10:31:20","guid":{"rendered":""},"modified":"2012-09-07T10:31:20","modified_gmt":"2012-09-07T10:31:20","slug":"","status":"publish","type":"post","link":"https:\/\/demet.nl\/?p=639","title":{"rendered":"Fatma Koser Kaya schrijft brief aan de Turkse gemeenschap"},"content":{"rendered":"<p style=\"margin: 0cm 0cm 0pt;\" class=\"MsoNoSpacing\"><span style='font-family: \"Times New Roman\",\"serif\"; mso-ansi-language: TR; mso-fareast-language: NL;' lang=\"TR\"><a href=\"http:\/\/demetnu.nl\/uploads\/articles\/208877df.jpg\" rel=\"prettyPhoto[phpmelody]\"><font face=\"Arial\"><\/font><\/a><\/span><\/p>\n<p style=\"margin: 0cm 0cm 0pt;\" class=\"MsoNoSpacing\"><span style='font-family: \"Times New Roman\",\"serif\"; mso-ansi-language: TR; mso-fareast-language: NL;' lang=\"TR\"><font face=\"Arial\">I.v.m. de aankomende verkiezingen schrijft de Turks-Nederlandse Kamerlid Fatma Koser Kaya een brief aan het adres van de Turkse gemeenschap in Nederland. In een poging de kiezer aan zich te binden, vertelt zij in haar brief waar haar partij D66 voor staat.<\/font><\/span><\/p>\n<p style=\"margin: 0cm 0cm 0pt;\" class=\"MsoNoSpacing\"><span style='font-family: \"Times New Roman\",\"serif\"; mso-ansi-language: TR; mso-fareast-language: NL;' lang=\"TR\"><font face=\"Arial\"><\/font><\/span>&nbsp;<\/p>\n<p style=\"margin: 0cm 0cm 0pt;\" class=\"MsoNoSpacing\"><span style='font-family: \"Times New Roman\",\"serif\"; mso-ansi-language: TR; mso-fareast-language: NL;' lang=\"TR\"><font face=\"Arial\">Hieronder de brief van Fatma.<\/font><\/span><\/p>\n<p style=\"margin: 0cm 0cm 0pt;\" class=\"MsoNoSpacing\"><span style='font-family: \"Times New Roman\",\"serif\"; mso-ansi-language: TR; mso-fareast-language: NL;' lang=\"TR\"><font face=\"Arial\"><\/font><\/span>&nbsp;<\/p>\n<p style=\"margin: 0cm 0cm 0pt;\" class=\"MsoNoSpacing\"><span style='font-family: \"Times New Roman\",\"serif\"; mso-ansi-language: TR; mso-fareast-language: NL;' lang=\"TR\"><font face=\"Arial\"><\/font><\/span>&nbsp;<\/p>\n<p style=\"margin: 0cm 0cm 0pt;\" class=\"MsoNoSpacing\"><span style='font-family: \"Times New Roman\",\"serif\"; mso-ansi-language: TR; mso-fareast-language: NL;' lang=\"TR\"><font face=\"Arial\">Say\u0131n se\u00e7men,<?xml:namespace prefix = o ns = \"urn:schemas-microsoft-com:office:office\" \/><o:p><\/o:p><\/font><\/span><\/p>\n<p><font face=\"Arial\"><\/font><\/p>\n<p style=\"margin: 0cm 0cm 0pt;\" class=\"MsoNoSpacing\"><span style='font-family: \"Times New Roman\",\"serif\"; mso-ansi-language: TR; mso-fareast-language: NL;' lang=\"TR\"><o:p><font face=\"Arial\">&nbsp;<\/font><\/o:p><\/span><\/p>\n<p><font face=\"Arial\"><\/font><\/p>\n<p style=\"margin: 0cm 0cm 0pt;\" class=\"MsoNoSpacing\"><span style='font-family: \"Times New Roman\",\"serif\"; mso-ansi-language: TR; mso-fareast-language: NL;' lang=\"TR\"><font face=\"Arial\">Ben Fatma Ko\u015fer Kaya, D66 partisinin 13. s\u0131ras\u0131nda yer alan bir aday olarak sizlerle fikir ve \u00f6ng\u00f6r\u00fclerimi payla\u015fmak istiyorum.<o:p><\/o:p><\/font><\/span><\/p>\n<p><font face=\"Arial\"><\/font><\/p>\n<p style=\"margin: 0cm 0cm 0pt;\" class=\"MsoNoSpacing\"><span style='font-family: \"Times New Roman\",\"serif\"; mso-ansi-language: TR; mso-fareast-language: NL;' lang=\"TR\"><font face=\"Arial\">Bildi\u011finiz gibi se\u00e7imler halk\u0131n y\u00f6netime etkisini hissettirebildi\u011fi, istek ve mesajlar\u0131n\u0131 direk olarak iletebildi\u011fi en \u00f6nemli kat\u0131l\u0131m noktas\u0131d\u0131r. Bu nedenle \u00f6ncelikle hepimizin oylar\u0131n\u0131 kullanarak, bizleri en iyi \u015fekilde temsil edecek olan\u0131 desteklemesi hepimiz i\u00e7in \u00e7ok \u00f6nemlidir. <o:p><\/o:p><\/font><\/span><\/p>\n<p><font face=\"Arial\"><\/font><\/p>\n<p style=\"margin: 0cm 0cm 0pt;\" class=\"MsoNoSpacing\"><span style='font-family: \"Times New Roman\",\"serif\"; mso-ansi-language: TR; mso-fareast-language: NL;' lang=\"TR\"><font face=\"Arial\">\u015eu andaki siyasi g\u00f6r\u00fcn\u00fcm itibariyle, Hollandal\u0131 se\u00e7mende keskin \u00e7izgilerle ayr\u0131\u015fma vard\u0131r. Yabanc\u0131 k\u00f6kenli Hollandal\u0131lara kar\u015f\u0131 olan ve \u201c birlikte ya\u015fam k\u00fclt\u00fcr\u00fc \u201c d\u00fc\u015f\u00fcncesini kabul etmek istemeyen partilerin oy oranlar\u0131 y\u00fckselmi\u015ftir. Bunun yan\u0131nda birde <span style=\"mso-spacerun: yes;\">&nbsp;<\/span><b style=\"mso-bidi-font-weight: normal;\">g\u00f6r\u00fcn\u00fc\u015fde <\/b><span style=\"mso-spacerun: yes;\">&nbsp;<\/span>birlikte ya\u015fama inan\u0131yormu\u015f gibi davran\u0131p, insanlar\u0131 y\u00f6nlendirmeye \u00e7al\u0131\u015fanlar vard\u0131r. Bu nedenle, genel se\u00e7imlerde oy verecek bizlerin ama \u00f6zellikle \u201c birlikte ya\u015fama \u201c inananlar\u0131n bir kez daha d\u00fc\u015f\u00fcnmesi gerekmektedir.<o:p><\/o:p><\/font><\/span><\/p>\n<p><font face=\"Arial\"><\/font><\/p>\n<p style=\"margin: 0cm 0cm 0pt;\" class=\"MsoNoSpacing\"><span style='font-family: \"Times New Roman\",\"serif\"; mso-ansi-language: TR; mso-fareast-language: NL;' lang=\"TR\"><font face=\"Arial\">Ben Fatma Ko\u015fer Kaya, herkesin ya\u015fam sistemine sayg\u0131 g\u00f6sterilmesi gerekti\u011fini savunan ve bunu her zaman a\u00e7\u0131kl\u0131kla dile getiren D66 partisinin \u015fu andaki milletvekili ve 13. s\u0131ra aday\u0131y\u0131m. Bizlerin toplum olarak, \u201c birlikte ya\u015fam \u201c d\u00fc\u015f\u00fcncesine<span style=\"mso-spacerun: yes;\">&nbsp; <\/span>sahip olan ki\u015fileri daha net ve kesin bi\u00e7imde desteklemeleri gerekti\u011fini d\u00fc\u015f\u00fcn\u00fcyorum. \u0130\u00e7inde bulundu\u011fumuz ve k\u0131sa s\u00fcrede \u00e7\u00f6z\u00fcmlenemeyecek ekonomik sorunlar\u0131n \u00e7\u00f6z\u00fcm\u00fcnde, vatanda\u015flar\u0131m\u0131z\u0131n i\u015f ve staj yeri bulma konusundaki ya\u015fad\u0131klar\u0131 zorluklar\u0131n a\u015f\u0131m\u0131nda, memurlar\u0131n <span style=\"mso-spacerun: yes;\">&nbsp;<\/span>daha verimli \u00e7al\u0131\u015fmalar\u0131 i\u00e7in vermi\u015f oldu\u011fum kanun teklifinin sonuca erdirilebilmesi i\u00e7in sizlerin deste\u011fini istemekteyim.<o:p><\/o:p><\/font><\/span><\/p>\n<p><font face=\"Arial\"><\/font><\/p>\n<p style=\"margin: 0cm 0cm 0pt;\" class=\"MsoNoSpacing\"><span style='font-family: \"Times New Roman\",\"serif\"; mso-ansi-language: TR; mso-fareast-language: NL;' lang=\"TR\"><font face=\"Arial\">Buna ek olarak ise, milletvekilli\u011fine ba\u015flad\u0131\u011f\u0131mdan beri \u00f6zellikle \u00fczerinde \u00e7ok durdu\u011fum \u201ce\u011fitim \u201c<span style=\"mso-spacerun: yes;\">&nbsp; <\/span>konusunda sizlerle d\u00fc\u015f\u00fcncelerimi payla\u015fmak istiyorum.<o:p><\/o:p><\/font><\/span><\/p>\n<p><font face=\"Arial\"><\/font><\/p>\n<p style=\"margin: 0cm 0cm 0pt;\" class=\"MsoNoSpacing\"><span style='font-family: \"Times New Roman\",\"serif\"; mso-ansi-language: TR; mso-fareast-language: EN-GB;' lang=\"TR\"><font face=\"Arial\">E\u011fer iyi e\u011fitimli insanlar<span style=\"mso-spacerun: yes;\">&nbsp; <\/span>olursak, olaylara bakt\u0131\u011f\u0131m\u0131zda ve fikirleri dinledi\u011fimizde zihnimiz bulanmadan, dinlediklerimize <span style=\"mso-spacerun: yes;\">&nbsp;<\/span>farkl\u0131 anlamlar y\u00fcklemeden, temiz, berrak ve kar\u015f\u0131m\u0131zdakinin anlatmak istedi\u011fi anlam\u0131yla g\u00f6r\u00fcr\u00fcz. <span style=\"mso-spacerun: yes;\">&nbsp;<\/span>Dinledi\u011fimiz ki\u015finin a\u011fz\u0131ndan \u00e7\u0131kan s\u00f6zleri, gerekli temel haz\u0131rl\u0131klar\u0131 yapm\u0131\u015f olarak, dikkatimizi yo\u011funla\u015ft\u0131rarak dinledi\u011fimiz<span style=\"mso-spacerun: yes;\">&nbsp; <\/span>i\u00e7in, s\u00f6ylenen s\u00f6zleri ger\u00e7ek anlam\u0131yla, anlat\u0131lan olaylar\u0131 iyi tahlil ederek anlar\u0131z. B\u00f6ylece sadece \u201c duyan \u201c de\u011fil, iyi bir \u201c dinleyen \u201c<span style=\"mso-spacerun: yes;\">&nbsp; <\/span>oluruz. \u0130nsanlar\u0131, her ne ve kim olurlarsa olsun itekleyerek<span style=\"mso-spacerun: yes;\">&nbsp; <\/span>de\u011fil, kucaklayarak yakla\u015fmal\u0131y\u0131z. \u0130nsanlar\u0131n ya\u015fam \u015fekilleri ve d\u00fc\u015f\u00fcncelerine kar\u015f\u0131 daha sayg\u0131l\u0131 olabiliriz. <span style=\"mso-spacerun: yes;\">&nbsp;<\/span>\u0130yi e\u011fitimli insan; her zaman ve herkese kar\u015f\u0131, do\u011fru ve d\u00fcr\u00fcst<span style=\"mso-spacerun: yes;\">&nbsp; <\/span>olmay\u0131 en \u00f6nemli meziyeti say\u0131p, ciddi bir insan olmal\u0131d\u0131r ki<span style=\"mso-spacerun: yes;\">&nbsp; <\/span>kar\u015f\u0131s\u0131ndakine<span style=\"mso-spacerun: yes;\">&nbsp; <\/span>g\u00fcven ve huzur verebilen insanlardan olsun.<span style=\"mso-spacerun: yes;\">&nbsp; <\/span>\u0130yi e\u011fitilmi\u015f insan; \u00f6fkelendi\u011fi zaman, eyleme ve savunmaya ge\u00e7meden \u00f6nce kendini ve y\u00f6ntemini sorgulamal\u0131, varoldu\u011funa inand\u0131\u011f\u0131 sorunu iyi ve sistemli bir \u015fekilde g\u00f6zden ge\u00e7irebilmelidir. Kar\u015f\u0131la\u015ft\u0131\u011f\u0131 sorun ile ilgili hakl\u0131l\u0131k veya haks\u0131zl\u0131k derecelerini \u00f6ncelikle kendisine, insanl\u0131\u011f\u0131na yak\u0131\u015f\u0131r bi\u00e7imde mant\u0131k s\u00fczgecinden ge\u00e7irmeli ve sonras\u0131nda bu olay kar\u015f\u0131s\u0131ndaki<span style=\"mso-spacerun: yes;\">&nbsp; <\/span>davran\u0131\u015f\u0131n\u0131 belirlemelidir. So\u011fukkanl\u0131l\u0131\u011f\u0131n\u0131 koruyarak, asla ve asla \u00f6fkesinin yak\u0131c\u0131l\u0131\u011f\u0131na kap\u0131l\u0131p kar\u015f\u0131s\u0131ndaki insan\u0131 k\u0131rmamal\u0131, tamir edemeyece\u011fi yanl\u0131\u015flara d\u00fc\u015fmemelidir. Hi\u00e7 unutmamal\u0131y\u0131zki, dil yaras\u0131 en a\u011f\u0131r yarad\u0131r ve bilinirki son pi\u015fmanl\u0131k fayda etmez ! \u0130yi e\u011fitilmi\u015f insanlar, yapmay\u0131 d\u00fc\u015f\u00fcnd\u00fckleri bir i\u015f veya bir konu s\u00f6zkonusu oldu\u011funda,<span style=\"mso-spacerun: yes;\">&nbsp; <\/span>ba\u015far\u0131, iyi bir kazan\u00e7 veya zafer g\u00f6rd\u00fcklerinde, \u00f6nce bu ula\u015facaklar\u0131 sonucun, adaletli <span style=\"mso-spacerun: yes;\">&nbsp;<\/span>do\u011fru, d\u00fcr\u00fcst, onurlu, herkes ve her\u015fey i\u00e7in yararl\u0131 olup olmad\u0131\u011f\u0131n\u0131 d\u00fc\u015f\u00fcnenlerdir&#8230; Son c\u00fcmle olarak \u015funuda eklemek isterimki, e\u011fitimden kas\u0131t okullarda alaca\u011f\u0131m\u0131z diplomalar<span style=\"mso-spacerun: yes;\">&nbsp; <\/span>ve iyi notlar de\u011fildir. \u00d6\u011fretim ger\u00e7ekten \u00e7ok \u00f6nemlidir ama, iyi ve \u015ferefli bir insan olman\u0131n yolu, sevgi <span style=\"mso-spacerun: yes;\">&nbsp;<\/span>sayg\u0131 anlay\u0131\u015f g\u00fcven dolu, d\u00fcr\u00fcst, uzun vadeye yay\u0131lan <b style=\"mso-bidi-font-weight: normal;\">E\u011e\u0130T\u0130MLE<\/b> a\u015f\u0131l\u0131r&#8230;<o:p><\/o:p><\/font><\/span><\/p>\n<p><font face=\"Arial\"><\/font><\/p>\n<p style=\"margin: 0cm 0cm 0pt;\" class=\"MsoNoSpacing\"><span style='font-family: \"Times New Roman\",\"serif\"; mso-ansi-language: TR;' lang=\"TR\"><font face=\"Arial\">Bu d\u00fc\u015f\u00fcncelerle, d\u00f6n\u00fc\u015fen ve geli\u015fen d\u00fcnyam\u0131zda art\u0131k insanlar ( ve<span style=\"mso-spacerun: yes;\">&nbsp; <\/span>insanlar\u0131n y\u00f6netti\u011fi <span style=\"mso-spacerun: yes;\">&nbsp;<\/span>devletler ) kamplara ayr\u0131lmaman\u0131n yolunu bulmak zorundad\u0131rlar.<span style=\"mso-spacerun: yes;\">&nbsp; <\/span>Devaml\u0131 olarak, tehditler ve<span style=\"mso-spacerun: yes;\">&nbsp; <\/span>tehlikelerden<span style=\"mso-spacerun: yes;\">&nbsp; <\/span>korkarak ya\u015famaya ba\u015flar, toplumdaki<span style=\"mso-spacerun: yes;\">&nbsp; <\/span>istikras\u0131zl\u0131\u011f\u0131n ve k\u00f6t\u00fcl\u00fcklerin kayna\u011f\u0131n\u0131n, bizden farkl\u0131 olanlar oldu\u011fu a\u015fa\u011f\u0131lay\u0131c\u0131 bir bi\u00e7imde dile getirirsek, \u00f6nce \u00f6tekile\u015ftirdiklerimiz ve sonra hepimiz<span style=\"mso-spacerun: yes;\">&nbsp; <\/span>gelece\u011fe y\u00f6nelik umutlar\u0131m\u0131z\u0131 kaybetmeye ba\u015flar\u0131z. <o:p><\/o:p><\/font><\/span><\/p>\n<p><font face=\"Arial\"><\/font><\/p>\n<p style=\"margin: 0cm 0cm 0pt;\" class=\"MsoNoSpacing\"><font face=\"Arial\"><span style='font-family: \"Times New Roman\",\"serif\"; mso-ansi-language: TR;' lang=\"TR\">Bu duygu ve d\u00fc\u015f\u00fcncelerle<\/span><span style='font-family: \"Times New Roman\",\"serif\"; font-size: 12pt; mso-ansi-language: TR;' lang=\"TR\">, <\/span><span style='font-family: \"Times New Roman\",\"serif\"; mso-ansi-language: TR; mso-fareast-language: NL;' lang=\"TR\">se\u00e7imlerde beni destekleyen ve destekleyecek b\u00fct\u00fcn se\u00e7menlere ayr\u0131 ayr\u0131 \u015fimdiden te\u015fekk\u00fcr ediyor hepinizi 12 Eyl\u00fcl 2012 tarihinde oylar\u0131n\u0131z\u0131 kullanmaya davet ediyorum.<o:p><\/o:p><\/span><\/font><\/p>\n<p><font face=\"Arial\"><\/font><\/p>\n<p style=\"margin: 0cm 0cm 0pt;\" class=\"MsoNoSpacing\"><span style='font-family: \"Times New Roman\",\"serif\"; mso-ansi-language: TR; mso-fareast-language: NL;' lang=\"TR\"><font face=\"Arial\">Sayg\u0131lar\u0131mla,<o:p><\/o:p><\/font><\/span><\/p>\n<p><font face=\"Arial\"><\/font><\/p>\n<p style=\"margin: 0cm 0cm 0pt;\" class=\"MsoNoSpacing\"><span style='font-family: \"Times New Roman\",\"serif\"; mso-ansi-language: TR; mso-fareast-language: NL;' lang=\"TR\"><o:p><font face=\"Arial\">&nbsp;<\/font><\/o:p><\/span><\/p>\n<p><font face=\"Arial\"><\/font><\/p>\n<p style=\"margin: 0cm 0cm 0pt;\" class=\"MsoNoSpacing\"><span style='font-family: \"Times New Roman\",\"serif\"; mso-ansi-language: TR; mso-fareast-language: NL;' lang=\"TR\"><font face=\"Arial\">Fatma Ko\u015fer Kaya<o:p><\/o:p><\/font><\/span><\/p>\n<p><font face=\"Arial\"><\/font><\/p>\n<p style=\"margin: 0cm 0cm 0pt;\" class=\"MsoNoSpacing\"><span style='font-family: \"Times New Roman\",\"serif\"; mso-ansi-language: TR; mso-fareast-language: NL;' lang=\"TR\"><font face=\"Arial\">D66 Milletvekili, D66 partisi 13. s\u0131ra aday\u0131<o:p><\/o:p><\/font><\/span><\/p>\n<p><font face=\"Arial\"><\/font><a href=\"http:\/\/demetnu.nl\/uploads\/articles\/208877df.jpg\" rel=\"prettyPhoto[phpmelody]\"><\/a><\/p>\n","protected":false},"excerpt":{"rendered":"<p>I.v.m. de aankomende verkiezingen schrijft de Turks-Nederlandse Kamerlid Fatma Koser Kaya een brief aan het adres van de Turkse gemeenschap in Nederland. In een poging de kiezer aan zich te binden, vertelt zij in haar brief waar haar partij D66 voor staat. &nbsp; Hieronder de brief van Fatma. &nbsp; &nbsp; Say\u0131n se\u00e7men, &nbsp; Ben Fatma [&hellip;]<\/p>\n","protected":false},"author":1,"featured_media":0,"comment_status":"closed","ping_status":"open","sticky":false,"template":"","format":"standard","meta":{"fifu_image_url":"","fifu_image_alt":"","footnotes":""},"categories":[2],"tags":[],"class_list":["post-639","post","type-post","status-publish","format-standard","hentry","category-nieuws-artikelen"],"aioseo_notices":[],"_links":{"self":[{"href":"https:\/\/demet.nl\/index.php?rest_route=\/wp\/v2\/posts\/639","targetHints":{"allow":["GET"]}}],"collection":[{"href":"https:\/\/demet.nl\/index.php?rest_route=\/wp\/v2\/posts"}],"about":[{"href":"https:\/\/demet.nl\/index.php?rest_route=\/wp\/v2\/types\/post"}],"author":[{"embeddable":true,"href":"https:\/\/demet.nl\/index.php?rest_route=\/wp\/v2\/users\/1"}],"replies":[{"embeddable":true,"href":"https:\/\/demet.nl\/index.php?rest_route=%2Fwp%2Fv2%2Fcomments&post=639"}],"version-history":[{"count":0,"href":"https:\/\/demet.nl\/index.php?rest_route=\/wp\/v2\/posts\/639\/revisions"}],"wp:attachment":[{"href":"https:\/\/demet.nl\/index.php?rest_route=%2Fwp%2Fv2%2Fmedia&parent=639"}],"wp:term":[{"taxonomy":"category","embeddable":true,"href":"https:\/\/demet.nl\/index.php?rest_route=%2Fwp%2Fv2%2Fcategories&post=639"},{"taxonomy":"post_tag","embeddable":true,"href":"https:\/\/demet.nl\/index.php?rest_route=%2Fwp%2Fv2%2Ftags&post=639"}],"curies":[{"name":"wp","href":"https:\/\/api.w.org\/{rel}","templated":true}]}}