{"id":777,"date":"2012-11-08T15:13:10","date_gmt":"2012-11-08T15:13:10","guid":{"rendered":""},"modified":"2012-11-08T15:13:10","modified_gmt":"2012-11-08T15:13:10","slug":"","status":"publish","type":"post","link":"https:\/\/demet.nl\/?p=777","title":{"rendered":"\u00d6zt\u00fcrk en Sultan Gunal Gezer be\u00ebdigd in Tweede Kamer"},"content":{"rendered":"<p style=\"margin: 0cm 0cm 0pt; line-height: normal;\" class=\"MsoNormal\"><b><span style='font-family: \"Verdana\",\"sans-serif\"; font-size: 8.5pt; mso-fareast-font-family: \"Times New Roman\"; mso-bidi-font-family: \"Times New Roman\"; mso-fareast-language: NL;'><a href=\"http:\/\/demetnu.nl\/uploads\/articles\/24f168fc.jpg\" rel=\"prettyPhoto[phpmelody]\"><img loading=\"lazy\" decoding=\"async\" style=\"width: 306px; height: 193px;\" border=\"0\" hspace=\"-1\" alt=\"\" vspace=\"0\" src=\"http:\/\/demetnu.nl\/uploads\/articles\/24f168fc.jpg\" width=\"400\" height=\"300\"><\/a><\/span><\/b><\/p>\n<p style=\"margin: 0cm 0cm 0pt; line-height: normal;\" class=\"MsoNormal\"><b><span style='font-family: \"Verdana\",\"sans-serif\"; font-size: 8.5pt; mso-fareast-font-family: \"Times New Roman\"; mso-bidi-font-family: \"Times New Roman\"; mso-fareast-language: NL;'><font face=\"Arial\"><font size=\"3\">Samen met tien andere nieuwe Tweede Kamerleden, neemt<br \/>\nPvdA&#8217;er Sel\u00e7uk \u00d6zt\u00fcrk uit Roermond en Sultan G\u00fcnal Gezer<span style=\"mso-spacerun: yes;\"> <\/span>uit Uden,sinds donderdag plaats in de blauwe<br \/>\nstoeltjes van het parlement. Ze vervangen zes Kamerleden van de VVD en vier van<br \/>\nde PvdA, omdat zij zijn opgeschoven naar het kabinet.<?xml:namespace prefix = o ns = \"urn:schemas-microsoft-com:office:office\" \/><o:p><\/o:p><\/font><\/font><\/span><\/b><\/p>\n<p><font face=\"Arial\"><\/p>\n<p><\/font><\/p>\n<p style=\"margin: 8.25pt 0cm; line-height: 12pt;\" class=\"MsoNormal\"><span style='font-family: \"Verdana\",\"sans-serif\"; font-size: 8.5pt; mso-fareast-font-family: \"Times New Roman\"; mso-bidi-font-family: \"Times New Roman\"; mso-fareast-language: NL;'><font face=\"Arial\"><font size=\"3\">Bij de PvdA mag<br \/>\nnummer 39 plaatsnemen op een vrijgekomen plekje in de Kamer. Dat is zelfstandig<br \/>\nondernemer Sel\u00e7uk \u00d6zt\u00fcrk (1972) uit Roermond. Ook komt Sultan G\u00fcnal-Gezer<br \/>\n(1961), momenteel wethouder Sociale Zaken in Uden, in de Kamer.<o:p><\/o:p><\/font><\/font><\/span><\/p>\n<p><font face=\"Arial\"><\/p>\n<p><\/font><\/p>\n<p style=\"margin: 0cm 0cm 10pt;\" class=\"MsoNormal\"><font face=\"Arial\">\u2019Selcuk Ozturk kwam het afgelopen jaar in het nieuws door<br \/>\neen uitgelekte e-mail van PVV-statenlid Cor Bosman, waarin Ozturk zou zijn<br \/>\nuitgemaakt<span style=\"mso-spacerun: yes;\">&nbsp; <\/span>\u201cvoor een stuk uitgekotst<br \/>\nhalalvlees,gemaakt van Turks varken\u201d<\/font><\/p>\n<p style=\"margin: 0cm 0cm 10pt;\" class=\"MsoNormal\"><font face=\"Calibri\"><o:p><\/o:p><\/font>&nbsp;<\/p>\n<p><a href=\"http:\/\/demetnu.nl\/uploads\/articles\/24f168fc.jpg\" rel=\"prettyPhoto[phpmelody]\"><\/a><\/p>\n","protected":false},"excerpt":{"rendered":"<p>Samen met tien andere nieuwe Tweede Kamerleden, neemt PvdA&#8217;er Sel\u00e7uk \u00d6zt\u00fcrk uit Roermond en Sultan G\u00fcnal Gezer uit Uden,sinds donderdag plaats in de blauwe stoeltjes van het parlement. Ze vervangen zes Kamerleden van de VVD en vier van de PvdA, omdat zij zijn opgeschoven naar het kabinet. Bij de PvdA mag nummer 39 plaatsnemen op [&hellip;]<\/p>\n","protected":false},"author":1,"featured_media":0,"comment_status":"closed","ping_status":"open","sticky":false,"template":"","format":"standard","meta":{"fifu_image_url":"","fifu_image_alt":"","footnotes":""},"categories":[2],"tags":[],"class_list":["post-777","post","type-post","status-publish","format-standard","hentry","category-nieuws-artikelen"],"aioseo_notices":[],"_links":{"self":[{"href":"https:\/\/demet.nl\/index.php?rest_route=\/wp\/v2\/posts\/777","targetHints":{"allow":["GET"]}}],"collection":[{"href":"https:\/\/demet.nl\/index.php?rest_route=\/wp\/v2\/posts"}],"about":[{"href":"https:\/\/demet.nl\/index.php?rest_route=\/wp\/v2\/types\/post"}],"author":[{"embeddable":true,"href":"https:\/\/demet.nl\/index.php?rest_route=\/wp\/v2\/users\/1"}],"replies":[{"embeddable":true,"href":"https:\/\/demet.nl\/index.php?rest_route=%2Fwp%2Fv2%2Fcomments&post=777"}],"version-history":[{"count":0,"href":"https:\/\/demet.nl\/index.php?rest_route=\/wp\/v2\/posts\/777\/revisions"}],"wp:attachment":[{"href":"https:\/\/demet.nl\/index.php?rest_route=%2Fwp%2Fv2%2Fmedia&parent=777"}],"wp:term":[{"taxonomy":"category","embeddable":true,"href":"https:\/\/demet.nl\/index.php?rest_route=%2Fwp%2Fv2%2Fcategories&post=777"},{"taxonomy":"post_tag","embeddable":true,"href":"https:\/\/demet.nl\/index.php?rest_route=%2Fwp%2Fv2%2Ftags&post=777"}],"curies":[{"name":"wp","href":"https:\/\/api.w.org\/{rel}","templated":true}]}}