{"id":9992642,"date":"2017-06-22T14:03:37","date_gmt":"2017-06-22T14:03:37","guid":{"rendered":""},"modified":"2019-02-24T01:22:01","modified_gmt":"2019-02-24T00:22:01","slug":"lapon-organiseert-iftar-en-bespreekt-turkse-onderwerpen","status":"publish","type":"post","link":"https:\/\/demet.nl\/?p=9992642","title":{"rendered":"Lapon organiseert iftar en bespreekt Turkse onderwerpen"},"content":{"rendered":"\n<p class=\"wp-block-paragraph\"><div id=\"kgvid_kgvid_0_wrapper\" class=\"kgvid_wrapper kgvid_wrapper_auto_left kgvid_wrapper_auto_right\">\n\t\t\t<div id=\"video_kgvid_0_div\" class=\"fitvidsignore kgvid_videodiv\" data-id=\"kgvid_0\" data-kgvid_video_vars=\"{&quot;id&quot;:&quot;kgvid_0&quot;,&quot;attachment_id&quot;:0,&quot;player_type&quot;:&quot;Video.js v8&quot;,&quot;width&quot;:&quot;640&quot;,&quot;height&quot;:&quot;360&quot;,&quot;fullwidth&quot;:&quot;true&quot;,&quot;fixed_aspect&quot;:&quot;vertical&quot;,&quot;countable&quot;:false,&quot;count_views&quot;:&quot;start_complete&quot;,&quot;start&quot;:&quot;&quot;,&quot;autoplay&quot;:&quot;false&quot;,&quot;pauseothervideos&quot;:&quot;true&quot;,&quot;set_volume&quot;:&quot;1&quot;,&quot;muted&quot;:&quot;false&quot;,&quot;meta&quot;:false,&quot;endofvideooverlay&quot;:&quot;https:\\\/\\\/demet.nl\\\/wordpress\\\/wp-content\\\/uploads\\\/2019\\\/02\\\/thumb1.jpg&quot;,&quot;resize&quot;:&quot;true&quot;,&quot;auto_res&quot;:&quot;automatic&quot;,&quot;pixel_ratio&quot;:&quot;true&quot;,&quot;right_click&quot;:false,&quot;playback_rate&quot;:&quot;false&quot;,&quot;title&quot;:&quot;lapon_iftar_22062017.mp4&quot;,&quot;skip_buttons&quot;:[],&quot;nativecontrolsfortouch&quot;:&quot;false&quot;,&quot;locale&quot;:&quot;nl&quot;,&quot;enable_resolutions_plugin&quot;:false}\" itemprop=\"video\" itemscope itemtype=\"https:\/\/schema.org\/VideoObject\"><meta itemprop=\"thumbnailUrl\" content=\"https:\/\/demet.nl\/wordpress\/wp-content\/uploads\/2019\/02\/thumb1.jpg\"><meta itemprop=\"embedUrl\" content=\"http:\/\/video.demettv.nl\/videos\/2017\/lapon_iftar_22062017.mp4\"><meta itemprop=\"contentUrl\" content=\"http:\/\/video.demettv.nl\/videos\/2017\/lapon_iftar_22062017.mp4\"><meta itemprop=\"name\" content=\"lapon_iftar_22062017.mp4\"><meta itemprop=\"description\" content=\"Video\"><meta itemprop=\"uploadDate\" content=\"2017-06-22T14:03:37+01:00\">\n\t\t\t\t<video id=\"video_kgvid_0\" playsinline controls preload=\"metadata\" poster=\"https:\/\/demet.nl\/wordpress\/wp-content\/uploads\/2019\/02\/thumb1.jpg\" width=\"640\" height=\"360\" class=\"fitvidsignore video-js kg-video-js-skin\">\n\t\t\t\t\t<source src=\"http:\/\/video.demettv.nl\/videos\/2017\/lapon_iftar_22062017.mp4\" type=\"video\/mp4\" data-res=\"Full\">\n\t\t\t\t<\/video>\n\t\t\t<\/div>\n\t\t<\/div><\/p>\n\n\n<p class=\"p1\"><span style=\"font-size: 14px;\">De maand Ramadan staat in het teken van broederschap en samenzijn. In dat kader worden&nbsp;<\/span><span style=\"font-size: 14px;\">er over het hele land iftar-maaltijden georganiseerd waar mensen gezamenlijk het&nbsp;<\/span><span style=\"font-size: 14px;\">vasten verbreken.<\/span><\/p>\n<p class=\"p1\"><span style=\"font-size: 14px;\">Een van die iftar-maaltijden waar gezamenlijk het vasten werd verbroken, is afgelopen week in Rotterdam door de Turks Nederlandse Lapon georganiseerd. Lapon is de overkoepelende vereniging van Turkse zelforganisaties die samen met aangesloten organisaties zich buigt over Turks Nederlandse kwesties. Een veel besproken onderwerp binnen de Turkse gemeenschap afgelopen tijd, was de rot op uitspraak van premier Rutte. Elk\u00fc \u00d6\u011f\u00fct, zelf ook van Turkse komaf i<\/span><span style=\"font-size: 14px;\">s een van de personen die met premier Rutte in gesprek gegaan over dit onderwerp. Ze heeft hem ervan proberen te overtuigen dat zijn rot op uitspraken mensen onnodig kwetsen.<\/span><\/p>\n<p class=\"p1\"><span style=\"font-size: 14px;\">22-06-2017 \u00a9 Demet TV<\/span><\/p>","protected":false},"excerpt":{"rendered":"<p>De maand Ramadan staat in het teken van broederschap en samenzijn. In dat kader worden&nbsp;er over het hele land iftar-maaltijden georganiseerd waar mensen gezamenlijk het&nbsp;vasten verbreken. Een van die iftar-maaltijden waar gezamenlijk het vasten werd verbroken, is afgelopen week in Rotterdam door de Turks Nederlandse Lapon georganiseerd. Lapon is de overkoepelende vereniging van Turkse zelforganisaties [&hellip;]<\/p>\n","protected":false},"author":1,"featured_media":10000823,"comment_status":"closed","ping_status":"open","sticky":false,"template":"","format":"standard","meta":{"fifu_image_url":"http:\/\/demet.nl\/uploads\/thumbs\/9d0df43b4-1.jpg?cache_buster=1550967688","fifu_image_alt":"Lapon organiseert iftar en bespreekt Turkse onderwerpen","footnotes":""},"categories":[3],"tags":[],"class_list":["post-9992642","post","type-post","status-publish","format-standard","has-post-thumbnail","hentry","category-videos"],"aioseo_notices":[],"aioseo_head":"\n\t\t<!-- All in One SEO 5.0.1.1 - aioseo.com -->\n\t<meta name=\"description\" content=\"De maand Ramadan staat in het teken van broederschap en samenzijn. In dat kader worden er over het hele land iftar-maaltijden georganiseerd waar mensen gezamenlijk het vasten verbreken. Een van die iftar-maaltijden waar gezamenlijk het vasten werd verbroken, is afgelopen week in Rotterdam door de Turks Nederlandse Lapon georganiseerd. Lapon is de overkoepelende vereniging van Turkse zelforganisaties\" \/>\n\t<meta name=\"robots\" content=\"max-image-preview:large\" \/>\n\t<meta name=\"author\" content=\"oktay\"\/>\n\t<meta name=\"google-site-verification\" content=\"mfC_p_CngOGL_w2Vlfg5xm_L1tgwCZ7YXnRAaJ4DWE8\" \/>\n\t<link rel=\"canonical\" href=\"https:\/\/demet.nl\/?p=9992642\" \/>\n\t<meta name=\"generator\" content=\"All in One SEO (AIOSEO) 5.0.1.1\" \/>\n\t\t<script type=\"application\/ld+json\" class=\"aioseo-schema\">\n\t\t\t{\"@context\":\"https:\\\/\\\/schema.org\",\"@graph\":[{\"@type\":\"Article\",\"@id\":\"https:\\\/\\\/demet.nl\\\/?p=9992642#article\",\"name\":\"Lapon organiseert iftar en bespreekt Turkse onderwerpen | Demet TV\",\"headline\":\"Lapon organiseert iftar en bespreekt Turkse onderwerpen\",\"author\":{\"@id\":\"https:\\\/\\\/demet.nl\\\/?author=1#author\"},\"publisher\":{\"@id\":\"https:\\\/\\\/demet.nl\\\/#organization\"},\"image\":{\"@type\":\"ImageObject\",\"url\":\";http:\\\/\\\/demet.nl\\\/uploads\\\/thumbs\\\/9d0df43b4-1.jpg?cache_buster=1550967688\",\"caption\":\"Lapon organiseert iftar en bespreekt Turkse onderwerpen\"},\"datePublished\":\"2017-06-22T14:03:37+01:00\",\"dateModified\":\"2019-02-24T01:22:01+01:00\",\"inLanguage\":\"nl-NL\",\"mainEntityOfPage\":{\"@id\":\"https:\\\/\\\/demet.nl\\\/?p=9992642#webpage\"},\"isPartOf\":{\"@id\":\"https:\\\/\\\/demet.nl\\\/?p=9992642#webpage\"},\"articleSection\":\"Video\"},{\"@type\":\"BreadcrumbList\",\"@id\":\"https:\\\/\\\/demet.nl\\\/?p=9992642#breadcrumblist\",\"itemListElement\":[{\"@type\":\"ListItem\",\"@id\":\"https:\\\/\\\/demet.nl#listItem\",\"position\":1,\"name\":\"Home\",\"item\":\"https:\\\/\\\/demet.nl\",\"nextItem\":{\"@type\":\"ListItem\",\"@id\":\"https:\\\/\\\/demet.nl\\\/?cat=3#listItem\",\"name\":\"Video\"}},{\"@type\":\"ListItem\",\"@id\":\"https:\\\/\\\/demet.nl\\\/?cat=3#listItem\",\"position\":2,\"name\":\"Video\",\"item\":\"https:\\\/\\\/demet.nl\\\/?cat=3\",\"nextItem\":{\"@type\":\"ListItem\",\"@id\":\"https:\\\/\\\/demet.nl\\\/?p=9992642#listItem\",\"name\":\"Lapon organiseert iftar en bespreekt Turkse onderwerpen\"},\"previousItem\":{\"@type\":\"ListItem\",\"@id\":\"https:\\\/\\\/demet.nl#listItem\",\"name\":\"Home\"}},{\"@type\":\"ListItem\",\"@id\":\"https:\\\/\\\/demet.nl\\\/?p=9992642#listItem\",\"position\":3,\"name\":\"Lapon organiseert iftar en bespreekt Turkse onderwerpen\",\"previousItem\":{\"@type\":\"ListItem\",\"@id\":\"https:\\\/\\\/demet.nl\\\/?cat=3#listItem\",\"name\":\"Video\"}}]},{\"@type\":\"Organization\",\"@id\":\"https:\\\/\\\/demet.nl\\\/#organization\",\"name\":\"Demet TV\",\"description\":\"Demet TV - Nieuws en actualiteit\",\"url\":\"https:\\\/\\\/demet.nl\\\/\",\"logo\":{\"@type\":\"ImageObject\",\"url\":\"https:\\\/\\\/demet.nl\\\/wp-content\\\/uploads\\\/2019\\\/01\\\/cropped-logo-1-3.png\",\"@id\":\"https:\\\/\\\/demet.nl\\\/?p=9992642\\\/#organizationLogo\",\"width\":188,\"height\":47},\"image\":{\"@id\":\"https:\\\/\\\/demet.nl\\\/?p=9992642\\\/#organizationLogo\"}},{\"@type\":\"Person\",\"@id\":\"https:\\\/\\\/demet.nl\\\/?author=1#author\",\"url\":\"https:\\\/\\\/demet.nl\\\/?author=1\",\"name\":\"oktay\",\"image\":{\"@type\":\"ImageObject\",\"@id\":\"https:\\\/\\\/demet.nl\\\/?p=9992642#authorImage\",\"url\":\"https:\\\/\\\/secure.gravatar.com\\\/avatar\\\/c9b53bdeba14aec4ebbdc75024c64d2fbcfc2e09027bc5bb80f5f3dc39617ae7?s=96&d=mm&r=g\",\"width\":96,\"height\":96,\"caption\":\"oktay\"}},{\"@type\":\"WebPage\",\"@id\":\"https:\\\/\\\/demet.nl\\\/?p=9992642#webpage\",\"url\":\"https:\\\/\\\/demet.nl\\\/?p=9992642\",\"name\":\"Lapon organiseert iftar en bespreekt Turkse onderwerpen | Demet TV\",\"description\":\"De maand Ramadan staat in het teken van broederschap en samenzijn. In dat kader worden er over het hele land iftar-maaltijden georganiseerd waar mensen gezamenlijk het vasten verbreken. Een van die iftar-maaltijden waar gezamenlijk het vasten werd verbroken, is afgelopen week in Rotterdam door de Turks Nederlandse Lapon georganiseerd. Lapon is de overkoepelende vereniging van Turkse zelforganisaties\",\"inLanguage\":\"nl-NL\",\"isPartOf\":{\"@id\":\"https:\\\/\\\/demet.nl\\\/#website\"},\"breadcrumb\":{\"@id\":\"https:\\\/\\\/demet.nl\\\/?p=9992642#breadcrumblist\"},\"author\":{\"@id\":\"https:\\\/\\\/demet.nl\\\/?author=1#author\"},\"creator\":{\"@id\":\"https:\\\/\\\/demet.nl\\\/?author=1#author\"},\"image\":{\"@type\":\"ImageObject\",\"url\":\";http:\\\/\\\/demet.nl\\\/uploads\\\/thumbs\\\/9d0df43b4-1.jpg?cache_buster=1550967688\",\"@id\":\"https:\\\/\\\/demet.nl\\\/?p=9992642\\\/#mainImage\",\"caption\":\"Lapon organiseert iftar en bespreekt Turkse onderwerpen\"},\"primaryImageOfPage\":{\"@id\":\"https:\\\/\\\/demet.nl\\\/?p=9992642#mainImage\"},\"datePublished\":\"2017-06-22T14:03:37+01:00\",\"dateModified\":\"2019-02-24T01:22:01+01:00\"},{\"@type\":\"WebSite\",\"@id\":\"https:\\\/\\\/demet.nl\\\/#website\",\"url\":\"https:\\\/\\\/demet.nl\\\/\",\"name\":\"Demet TV Nieuws\",\"description\":\"Demet TV - Nieuws en actualiteit\",\"inLanguage\":\"nl-NL\",\"publisher\":{\"@id\":\"https:\\\/\\\/demet.nl\\\/#organization\"}}]}\n\t\t<\/script>\n\t\t<!-- All in One SEO -->\n\n","aioseo_head_json":{"title":"Lapon organiseert iftar en bespreekt Turkse onderwerpen | Demet TV","description":"De maand Ramadan staat in het teken van broederschap en samenzijn. In dat kader worden er over het hele land iftar-maaltijden georganiseerd waar mensen gezamenlijk het vasten verbreken. Een van die iftar-maaltijden waar gezamenlijk het vasten werd verbroken, is afgelopen week in Rotterdam door de Turks Nederlandse Lapon georganiseerd. Lapon is de overkoepelende vereniging van Turkse zelforganisaties","canonical_url":"https:\/\/demet.nl\/?p=9992642","robots":"max-image-preview:large","keywords":"","webmasterTools":{"google-site-verification":"mfC_p_CngOGL_w2Vlfg5xm_L1tgwCZ7YXnRAaJ4DWE8","miscellaneous":""},"schema":{"@context":"https:\/\/schema.org","@graph":[{"@type":"Article","@id":"https:\/\/demet.nl\/?p=9992642#article","name":"Lapon organiseert iftar en bespreekt Turkse onderwerpen | Demet TV","headline":"Lapon organiseert iftar en bespreekt Turkse onderwerpen","author":{"@id":"https:\/\/demet.nl\/?author=1#author"},"publisher":{"@id":"https:\/\/demet.nl\/#organization"},"image":{"@type":"ImageObject","url":";http:\/\/demet.nl\/uploads\/thumbs\/9d0df43b4-1.jpg?cache_buster=1550967688","caption":"Lapon organiseert iftar en bespreekt Turkse onderwerpen"},"datePublished":"2017-06-22T14:03:37+01:00","dateModified":"2019-02-24T01:22:01+01:00","inLanguage":"nl-NL","mainEntityOfPage":{"@id":"https:\/\/demet.nl\/?p=9992642#webpage"},"isPartOf":{"@id":"https:\/\/demet.nl\/?p=9992642#webpage"},"articleSection":"Video"},{"@type":"BreadcrumbList","@id":"https:\/\/demet.nl\/?p=9992642#breadcrumblist","itemListElement":[{"@type":"ListItem","@id":"https:\/\/demet.nl#listItem","position":1,"name":"Home","item":"https:\/\/demet.nl","nextItem":{"@type":"ListItem","@id":"https:\/\/demet.nl\/?cat=3#listItem","name":"Video"}},{"@type":"ListItem","@id":"https:\/\/demet.nl\/?cat=3#listItem","position":2,"name":"Video","item":"https:\/\/demet.nl\/?cat=3","nextItem":{"@type":"ListItem","@id":"https:\/\/demet.nl\/?p=9992642#listItem","name":"Lapon organiseert iftar en bespreekt Turkse onderwerpen"},"previousItem":{"@type":"ListItem","@id":"https:\/\/demet.nl#listItem","name":"Home"}},{"@type":"ListItem","@id":"https:\/\/demet.nl\/?p=9992642#listItem","position":3,"name":"Lapon organiseert iftar en bespreekt Turkse onderwerpen","previousItem":{"@type":"ListItem","@id":"https:\/\/demet.nl\/?cat=3#listItem","name":"Video"}}]},{"@type":"Organization","@id":"https:\/\/demet.nl\/#organization","name":"Demet TV","description":"Demet TV - Nieuws en actualiteit","url":"https:\/\/demet.nl\/","logo":{"@type":"ImageObject","url":"https:\/\/demet.nl\/wp-content\/uploads\/2019\/01\/cropped-logo-1-3.png","@id":"https:\/\/demet.nl\/?p=9992642\/#organizationLogo","width":188,"height":47},"image":{"@id":"https:\/\/demet.nl\/?p=9992642\/#organizationLogo"}},{"@type":"Person","@id":"https:\/\/demet.nl\/?author=1#author","url":"https:\/\/demet.nl\/?author=1","name":"oktay","image":{"@type":"ImageObject","@id":"https:\/\/demet.nl\/?p=9992642#authorImage","url":"https:\/\/secure.gravatar.com\/avatar\/c9b53bdeba14aec4ebbdc75024c64d2fbcfc2e09027bc5bb80f5f3dc39617ae7?s=96&d=mm&r=g","width":96,"height":96,"caption":"oktay"}},{"@type":"WebPage","@id":"https:\/\/demet.nl\/?p=9992642#webpage","url":"https:\/\/demet.nl\/?p=9992642","name":"Lapon organiseert iftar en bespreekt Turkse onderwerpen | Demet TV","description":"De maand Ramadan staat in het teken van broederschap en samenzijn. In dat kader worden er over het hele land iftar-maaltijden georganiseerd waar mensen gezamenlijk het vasten verbreken. Een van die iftar-maaltijden waar gezamenlijk het vasten werd verbroken, is afgelopen week in Rotterdam door de Turks Nederlandse Lapon georganiseerd. Lapon is de overkoepelende vereniging van Turkse zelforganisaties","inLanguage":"nl-NL","isPartOf":{"@id":"https:\/\/demet.nl\/#website"},"breadcrumb":{"@id":"https:\/\/demet.nl\/?p=9992642#breadcrumblist"},"author":{"@id":"https:\/\/demet.nl\/?author=1#author"},"creator":{"@id":"https:\/\/demet.nl\/?author=1#author"},"image":{"@type":"ImageObject","url":";http:\/\/demet.nl\/uploads\/thumbs\/9d0df43b4-1.jpg?cache_buster=1550967688","@id":"https:\/\/demet.nl\/?p=9992642\/#mainImage","caption":"Lapon organiseert iftar en bespreekt Turkse onderwerpen"},"primaryImageOfPage":{"@id":"https:\/\/demet.nl\/?p=9992642#mainImage"},"datePublished":"2017-06-22T14:03:37+01:00","dateModified":"2019-02-24T01:22:01+01:00"},{"@type":"WebSite","@id":"https:\/\/demet.nl\/#website","url":"https:\/\/demet.nl\/","name":"Demet TV Nieuws","description":"Demet TV - Nieuws en actualiteit","inLanguage":"nl-NL","publisher":{"@id":"https:\/\/demet.nl\/#organization"}}]}},"aioseo_meta_data":{"post_id":"9992642","title":null,"description":null,"keywords":null,"keyphrases":null,"primary_term":null,"canonical_url":null,"og_title":null,"og_description":null,"og_object_type":"default","og_image_type":"default","og_image_url":null,"og_image_width":null,"og_image_height":null,"og_image_custom_url":null,"og_image_custom_fields":null,"og_video":null,"og_custom_url":null,"og_article_section":null,"og_article_tags":null,"twitter_use_og":false,"twitter_card":"default","twitter_image_type":"default","twitter_image_url":null,"twitter_image_custom_url":null,"twitter_image_custom_fields":null,"twitter_title":null,"twitter_description":null,"schema":{"blockGraphs":[],"customGraphs":[],"default":{"data":{"Article":[],"Course":[],"Dataset":[],"FAQPage":[],"Movie":[],"Person":[],"Product":[],"ProductReview":[],"Car":[],"Recipe":[],"Service":[],"SoftwareApplication":[],"WebPage":[]},"graphName":"","isEnabled":true},"graphs":[]},"schema_type":null,"schema_type_options":null,"pillar_content":false,"robots_default":true,"robots_noindex":false,"robots_noarchive":false,"robots_nosnippet":false,"robots_nofollow":false,"robots_noimageindex":false,"robots_noodp":false,"robots_notranslate":false,"robots_max_snippet":null,"robots_max_videopreview":null,"robots_max_imagepreview":"large","priority":null,"frequency":null,"location":null,"local_seo":null,"breadcrumb_settings":null,"limit_modified_date":false,"ai":null,"created":"2021-01-13 02:08:32","updated":"2022-09-25 13:04:42","focus_keyword":null,"additional_keywords":null,"truseo_locale":null,"seo_analyzer_scan_date":null},"aioseo_breadcrumb":"<div class=\"aioseo-breadcrumbs\"><span class=\"aioseo-breadcrumb\">\n\t\t\t<a href=\"https:\/\/demet.nl\" title=\"Home\">Home<\/a>\n\t\t<\/span><span class=\"aioseo-breadcrumb-separator\">&raquo;<\/span><span class=\"aioseo-breadcrumb\">\n\t\t\t<a href=\"https:\/\/demet.nl\/?cat=3\" title=\"Video\">Video<\/a>\n\t\t<\/span><span class=\"aioseo-breadcrumb-separator\">&raquo;<\/span><span class=\"aioseo-breadcrumb\">\n\t\t\tLapon organiseert iftar en bespreekt Turkse onderwerpen\n\t\t<\/span><\/div>","aioseo_breadcrumb_json":[{"label":"Home","link":"https:\/\/demet.nl"},{"label":"Video","link":"https:\/\/demet.nl\/?cat=3"},{"label":"Lapon organiseert iftar en bespreekt Turkse onderwerpen","link":"https:\/\/demet.nl\/?p=9992642"}],"_links":{"self":[{"href":"https:\/\/demet.nl\/index.php?rest_route=\/wp\/v2\/posts\/9992642","targetHints":{"allow":["GET"]}}],"collection":[{"href":"https:\/\/demet.nl\/index.php?rest_route=\/wp\/v2\/posts"}],"about":[{"href":"https:\/\/demet.nl\/index.php?rest_route=\/wp\/v2\/types\/post"}],"author":[{"embeddable":true,"href":"https:\/\/demet.nl\/index.php?rest_route=\/wp\/v2\/users\/1"}],"replies":[{"embeddable":true,"href":"https:\/\/demet.nl\/index.php?rest_route=%2Fwp%2Fv2%2Fcomments&post=9992642"}],"version-history":[{"count":1,"href":"https:\/\/demet.nl\/index.php?rest_route=\/wp\/v2\/posts\/9992642\/revisions"}],"predecessor-version":[{"id":10000822,"href":"https:\/\/demet.nl\/index.php?rest_route=\/wp\/v2\/posts\/9992642\/revisions\/10000822"}],"wp:featuredmedia":[{"embeddable":true,"href":"https:\/\/demet.nl\/index.php?rest_route=\/wp\/v2\/media\/10000823"}],"wp:attachment":[{"href":"https:\/\/demet.nl\/index.php?rest_route=%2Fwp%2Fv2%2Fmedia&parent=9992642"}],"wp:term":[{"taxonomy":"category","embeddable":true,"href":"https:\/\/demet.nl\/index.php?rest_route=%2Fwp%2Fv2%2Fcategories&post=9992642"},{"taxonomy":"post_tag","embeddable":true,"href":"https:\/\/demet.nl\/index.php?rest_route=%2Fwp%2Fv2%2Ftags&post=9992642"}],"curies":[{"name":"wp","href":"https:\/\/api.w.org\/{rel}","templated":true}]}}